{"id":553,"date":"2013-12-05T22:39:00","date_gmt":"2013-12-05T21:39:00","guid":{"rendered":"http:\/\/www.afipinternational.com\/news\/2013\/12\/05\/marirosa-toscani-ballo-balloballo\/"},"modified":"2013-12-05T22:39:00","modified_gmt":"2013-12-05T21:39:00","slug":"marirosa-toscani-ballo-balloballo","status":"publish","type":"post","link":"https:\/\/www.afipinternational.com\/news\/2013\/12\/05\/marirosa-toscani-ballo-balloballo\/","title":{"rendered":"MARIROSA TOSCANI BALLO &#8211; BALLO+BALLO"},"content":{"rendered":"<div style=\"clear: both; text-align: center;\"><a href=\"http:\/\/4.bp.blogspot.com\/-RbLD6gFBQY4\/UqDhQP1kkLI\/AAAAAAAAJWU\/7Mm8-ya8WNg\/s1600\/Locandina+Toscani+Ballo+bassa.jpg\" style=\"margin-left: 1em; margin-right: 1em;\"><img loading=\"lazy\" decoding=\"async\" border=\"0\" height=\"640\" src=\"http:\/\/4.bp.blogspot.com\/-RbLD6gFBQY4\/UqDhQP1kkLI\/AAAAAAAAJWU\/7Mm8-ya8WNg\/s640\/Locandina+Toscani+Ballo+bassa.jpg\" width=\"464\" \/><\/a><\/div>\n<div style=\"clear: both; text-align: center;\"><\/div>\n<div align=\"center\" style=\"text-align: center;\"><\/div>\n<div align=\"center\" style=\"text-align: center;\"><b style=\"mso-bidi-font-weight: normal;\"><span style=\"font-size: 14.0pt; mso-bidi-font-size: 10.0pt;\">GIOVED\u00cc 12 DICEMBRE 2013, ORE 19.00<o:p><\/o:p><\/span><\/b><\/div>\n<div align=\"center\" style=\"mso-outline-level: 1; text-align: center;\"><b style=\"mso-bidi-font-weight: normal;\"><span style=\"font-size: 14.0pt; mso-bidi-font-size: 10.0pt;\">AL SALONE D\u2019ONORE DELLA TRIENNALE DI MILANO<o:p><\/o:p><\/span><\/b><\/div>\n<div align=\"center\" style=\"mso-outline-level: 1; text-align: center;\"><b style=\"mso-bidi-font-weight: normal;\"><span style=\"font-size: 14.0pt; mso-bidi-font-size: 10.0pt;\">LA <i style=\"mso-bidi-font-style: normal;\">LECTIO MAGISTRALIS <\/i>DI<i style=\"mso-bidi-font-style: normal;\"> <\/i><o:p><\/o:p><\/span><\/b><\/div>\n<div align=\"center\" style=\"text-align: center;\"><b style=\"mso-bidi-font-weight: normal;\"><span style=\"font-size: 16.0pt; mso-bidi-font-size: 12.0pt;\">MARIROSA TOSCANI BALLO <o:p><\/o:p><\/span><\/b><\/div>\n<div align=\"center\" style=\"text-align: center;\"><\/div>\n<div align=\"center\" style=\"text-align: center;\"><b style=\"mso-bidi-font-weight: normal;\"><span style=\"font-size: 14.0pt; mso-bidi-font-size: 10.0pt;\">La conversazione, dal titolo <i style=\"mso-bidi-font-style: normal;\">Il linguaggio dell\u2019oggetto attraverso le fotografie di Ballo + Ballo<\/i>, presentata da Giorgio Ginex, sar\u00e0 stimolata dagli interventi di Isa Tutino e Paola Proverbio.<o:p><\/o:p><\/span><\/b><\/div>\n<div align=\"center\" style=\"text-align: center;\"><\/div>\n<div align=\"center\" style=\"text-align: center;\"><b style=\"mso-bidi-font-weight: normal;\"><span style=\"font-size: 14.0pt;\">La serata \u00e8 l\u2019ultima di 13 lezioni, organizzate dalla AFIP &#8211; Associazione Fotografi Italiani Professionisti e CNA Professioni che hanno proposto incontri con i grandi protagonisti della fotografia italiana.<o:p><\/o:p><\/span><\/b><\/div>\n<div><\/div>\n<div align=\"center\" style=\"text-align: center;\"><\/div>\n<div style=\"text-align: justify;\"><\/div>\n<div style=\"text-align: justify;\"><b style=\"mso-bidi-font-weight: normal;\"><span style=\"font-size: 12.0pt;\">Gioved\u00ec 12 dicembre 2013, alle ore 19.00, il Salone d\u2019onore della Triennale di Milano ospiter\u00e0 l\u2019ultima <i style=\"mso-bidi-font-style: normal;\">lectio magistralis <\/i>dell\u2019anno, organizzata da AFIP &#8211; Associazione Fotografi Italiani Professionisti e CNA Professioni.<o:p><\/o:p><\/span><\/b><\/div>\n<div style=\"text-align: justify;\"><\/div>\n<div style=\"text-align: justify;\"><span style=\"font-size: 12.0pt;\">Protagonista di questo appuntamento sar\u00e0 <b style=\"mso-bidi-font-weight: normal;\">Marirosa Toscani Ballo<\/b>, fondatrice, insieme al marito Aldo, dello studio fotografico Ballo + Ballo.<o:p><\/o:p><\/span><\/div>\n<div style=\"text-align: justify;\"><span style=\"font-size: 12.0pt;\">La conversazione sar\u00e0 introdotta da <b style=\"mso-bidi-font-weight: normal;\">Giorgio Ginex<\/b>, attore, doppiatore e conduttore radiofonico che legger\u00e0 tre poesie di <b>Aldo Ballo<\/b>,&nbsp;e stimolata dagli interventi di <b style=\"mso-bidi-font-weight: normal;\">Isa Tutino<\/b>, giornalista con competenza specifica nell\u2019ambito del design e fondatrice di diverse testate di architettura e arredamento d\u2019interni (<i style=\"mso-bidi-font-style: normal;\">Casa Vogue<\/i>, <i style=\"mso-bidi-font-style: normal;\">Ambienti<\/i>), e di <b style=\"mso-bidi-font-weight: normal;\">Paola Proverbio<\/b>, docente di storia del design e dell\u2019architettura contemporanea all\u2019Universit\u00e0 Cattolica e al Politecnico di Milano.<o:p><\/o:p><\/span><\/div>\n<div style=\"text-align: justify;\"><\/div>\n<div style=\"text-align: justify;\"><span style=\"font-size: 12.0pt;\">L\u2019intervento di Marirosa Toscani Ballo sar\u00e0 trasversale tra la fotografia e il design. Proprio in questi due ambiti si iscrive la sua carriera, vissuta principalmente attraverso lo studio Ballo + Ballo che,<\/span><span style=\"font-size: 12.0pt; mso-bidi-font-size: 10.0pt;\"> grazie ad un\u2019attivit\u00e0 di ricerca costante, \u00e8 diventato un p<span>unto di riferimento<\/span> per i designer pi\u00f9 importanti.<o:p><\/o:p><\/span><\/div>\n<div style=\"text-align: justify;\"><span style=\"font-size: 12.0pt;\">Il linguaggio dell\u2019oggetto, titolo della lectio, riconduce a quello che era l\u2019imperativo di Aldo Ballo: &#8220;<i style=\"mso-bidi-font-style: normal;\">Io non faccio foto d\u2019arte, foto &#8220;da chiodo&#8221;, qui si fa <span>fotografia industriale<\/span>, si va dentro l\u2019oggetto: interpretare l\u2019oggetto, restituirgli l\u2019anima<\/i>&#8220;.<o:p><\/o:p><\/span><\/div>\n<div style=\"text-align: justify;\"><\/div>\n<div style=\"mso-outline-level: 1; text-align: justify;\"><span style=\"font-size: 12.0pt;\">La <i style=\"mso-bidi-font-style: normal;\">Lectio <\/i>di Marirosa Toscani Ballo verr\u00e0 trasmessa in diretta streaming all\u2019indirizzo <a href=\"http:\/\/afiponline.blogspot.it\/\">http:\/\/afiponline.blogspot.it<\/a> <o:p><\/o:p><\/span><\/div>\n<div style=\"text-align: justify;\"><\/div>\n<div style=\"mso-outline-level: 1;\">\n<p><\/div>\n<div style=\"mso-outline-level: 1; text-align: justify;\">\n<table cellpadding=\"0\" cellspacing=\"0\" style=\"float: left; text-align: left;\">\n<tbody>\n<tr>\n<td style=\"text-align: center;\"><a href=\"http:\/\/4.bp.blogspot.com\/-h62muNFpw2w\/UqDhxPO-kII\/AAAAAAAAJWc\/B3g1NRQCmks\/s1600\/AFIP-RITRATTI0406.jpg\" style=\"clear: left; margin-bottom: 1em; margin-left: auto; margin-right: auto;\"><img loading=\"lazy\" decoding=\"async\" border=\"0\" height=\"320\" src=\"http:\/\/4.bp.blogspot.com\/-h62muNFpw2w\/UqDhxPO-kII\/AAAAAAAAJWc\/B3g1NRQCmks\/s320\/AFIP-RITRATTI0406.jpg\" width=\"213\" \/><\/a><\/td>\n<\/tr>\n<tr>\n<td style=\"text-align: center;\">Ritratto di Giovanni Gastel<\/td>\n<\/tr>\n<\/tbody>\n<\/table>\n<p><b><span style=\"font-size: 12.0pt;\">Marirosa Toscani Ballo<\/span><\/b><\/div>\n<div style=\"text-align: justify;\"><\/div>\n<div style=\"text-align: justify;\"><span style=\"font-size: 12.0pt; mso-bidi-font-family: Arial;\">Nata a Milano nel 1931, interrompe gli studi all\u2019Accademia di Brera per aiutare il padre, fotografo&nbsp;<\/span><span style=\"font-size: 12pt;\">reporter, dopo un incidente. Inizia quindi prestissimo, a 18 anni, a lavorare come reporter.<\/span><\/div>\n<div style=\"text-align: justify;\"><span style=\"font-size: 12.0pt; mso-bidi-font-family: Arial;\">Aldo Ballo \u00e8 nato a Sciacca (AG) nel 1928. A 12 anni lascia la Sicilia con la famiglia per trasferirsi a Milano. Studia a Brera e Architettura al Politecnico, che abbandona al 3\u00b0anno per fare il reporter insieme a Marirosa Toscani. Nel 1953 inizia quindi il loro lavoro di fotografi che vede la partecipazione a numerose riviste importanti. <\/span><span style=\"font-size: 12.0pt;\">Aulenti, Boeri, Vigo, Sottsass, Castiglioni, Rossi, Bellini, Starck: sono solo alcuni dei nomi che hanno scelto lo Studio Ballo per la professionalit\u00e0, l\u2019intelligenza, l\u2019ironia, l\u2019eleganza, la creativit\u00e0. Molte delle loro fotografie sono entrate nell\u2019immaginario collettivo e tutt\u2019oggi pubblicate come immagini di riferimento per il design contemporaneo.<\/span><span style=\"font-size: 12.0pt; mso-bidi-font-family: Arial;\"><o:p><\/o:p><\/span><\/div>\n<div style=\"text-align: justify;\"><\/div>\n<div style=\"text-align: justify;\"><\/div>\n<div style=\"text-align: justify;\"><\/div>\n<div style=\"mso-outline-level: 1; text-align: justify;\"><b style=\"mso-bidi-font-weight: normal;\"><span style=\"font-size: 12.0pt;\">Isa Tutino<o:p><\/o:p><\/span><\/b><\/div>\n<div style=\"text-align: justify;\"><a href=\"http:\/\/1.bp.blogspot.com\/-gDCfpwSGOTU\/UqDj4mltl6I\/AAAAAAAAJWw\/GPZt0O7fINM\/s1600\/isa+tutino.jpg\" style=\"clear: right; float: right; margin-bottom: 1em; margin-left: 1em;\"><img loading=\"lazy\" decoding=\"async\" border=\"0\" height=\"200\" src=\"http:\/\/1.bp.blogspot.com\/-gDCfpwSGOTU\/UqDj4mltl6I\/AAAAAAAAJWw\/GPZt0O7fINM\/s200\/isa+tutino.jpg\" width=\"185\" \/><\/a><span style=\"font-size: 12.0pt;\">Giornalista con una competenza specifica nel campo del design, nel 1968 fonda <i style=\"mso-bidi-font-style: normal;\">Casa Vogue<\/i>, la rivista di arredamento, architettura, arte e stili di vita che poi diriger\u00e0 sino al \u201993. Per le Edizioni Cond\u00e9 Nast ha fondato e diretto anche altre testate, fra le quali <i style=\"mso-bidi-font-style: normal;\">Antiques<\/i>, <i style=\"mso-bidi-font-style: normal;\">Do Maggiore<\/i>, e <i style=\"mso-bidi-font-style: normal;\">Ambienti<\/i>. Ha collaborato a diverse testate come il <i style=\"mso-bidi-font-style: normal;\">Corriere della Sera<\/i>, <i style=\"mso-bidi-font-style: normal;\">La Voce<\/i>, <i style=\"mso-bidi-font-style: normal;\">l\u2019Espresso<\/i>, <i style=\"mso-bidi-font-style: normal;\">Casamica<\/i> e <i style=\"mso-bidi-font-style: normal;\">Interni<\/i>. <o:p><\/o:p><\/span><\/div>\n<div style=\"text-align: justify;\"><span style=\"font-size: 12.0pt;\">E\u2019 autrice, inoltre, di una ventina di volumi sul design, l\u2019architettura e la moda, compresi libri per bambini, uno dei quali ha meritato un premio Unesco per la pace. Dal \u201993 svolge attivit\u00e0 di consulenza per Krizia, come responsabile della programmazione culturale dello Spazio Krizia. Attualmente sta preparando una grande mostra sullo stilista e designer Ken Scott, che si terr\u00e0 in primavera a Lucca.<o:p><\/o:p><\/span><\/div>\n<div style=\"text-align: justify;\"><span style=\"font-size: 12.0pt;\">Ha due figli, Luca e Matteo, dal primo matrimonio con l\u2019architetto Gio Vercelloni; ora \u00e8 sposata con il giornalista e scrittore Franco Ottolenghi. Abitano a Milano, ma gran parte dell\u2019anno anche a Filicudi.<o:p><\/o:p><\/span><\/div>\n<div style=\"text-align: justify;\"><\/div>\n<div style=\"mso-outline-level: 1; text-align: justify;\"><a href=\"http:\/\/2.bp.blogspot.com\/-7Fb840ybjK8\/UqDjVVwvWUI\/AAAAAAAAJWo\/qNQnz67DEBI\/s1600\/paola_proverbio_300dpi.jpg\" style=\"clear: left; float: left; margin-bottom: 1em; margin-right: 1em;\"><img loading=\"lazy\" decoding=\"async\" border=\"0\" height=\"200\" src=\"http:\/\/2.bp.blogspot.com\/-7Fb840ybjK8\/UqDjVVwvWUI\/AAAAAAAAJWo\/qNQnz67DEBI\/s200\/paola_proverbio_300dpi.jpg\" width=\"186\" \/><\/a><b><span style=\"font-size: 12.0pt;\">Paola Proverbio<\/span><\/b><\/div>\n<div style=\"text-align: justify;\"><span style=\"font-size: 12.0pt; mso-bidi-font-family: Arial;\">Laureata in architettura, dal 2001 svolge attivit\u00e0 didattica tenendo corsi che riguardano la teoria e la storia del design e dell\u2019architettura contemporanea presso l\u2019Universit\u00e0 Cattolica del Sacro Cuore e il Politecnico di Milano. E\u2019 membro dell\u2019associazione Ais.Design<i style=\"mso-bidi-font-style: normal;\">, <\/i>Associazione italiana degli storici del design (www.aisdesign.org), e redattrice della rivista online \u201c<span style=\"color: #231f20;\">Ais\/Design. Storia e ricerche\u201d. <o:p><\/o:p><\/span><\/span><\/div>\n<div style=\"text-align: justify;\"><span style=\"font-size: 12.0pt; mso-bidi-font-family: Arial;\">E\u2019 stata consulente scientifico per la creazione degli archivi storici digitalizzati dei marchi Danese, Flos, Arteluce; consulente per l\u2019archivio iconografico della rivista Domus e curatrice del <i>Museum of Italian Design<\/i> del portale <a href=\"http:\/\/www.design-italia.it\/\">www.design-italia.it<\/a>. Di recente ha collaborato con il CASVA (Centro di Alti Studi sulle Arti Visive del Comune di Milano) per lo studio e la catalogazione di archivi di design e architettura, i cui contributi sono confluiti nel volume miscellaneo G<i style=\"mso-bidi-font-style: normal;\">li archivi di architettura,design e grafica in Lombardia. Censimento delle fonti<\/i>, Quaderni del C.A.S.V.A., 2012.<o:p><\/o:p><\/span><\/div>\n<div style=\"text-align: justify;\"><\/div>\n<div style=\"text-align: justify;\"><\/div>\n<div style=\"mso-outline-level: 1; text-align: justify;\"><b style=\"mso-bidi-font-weight: normal;\"><span style=\"font-size: 12.0pt;\">Giorgio Ginex<o:p><\/o:p><\/span><\/b><\/div>\n<div style=\"mso-layout-grid-align: none; tab-stops: 481.9pt; text-align: justify; text-autospace: none;\">\n<table cellpadding=\"0\" cellspacing=\"0\" style=\"float: right; text-align: right;\">\n<tbody>\n<tr>\n<td style=\"text-align: center;\"><a href=\"http:\/\/3.bp.blogspot.com\/-QRockLxF0PM\/UqDkErh6CsI\/AAAAAAAAJW4\/ECMSQoOdFDs\/s1600\/GIORGIO+GINEX-RITRATTO10934.jpg\" style=\"clear: right; margin-bottom: 1em; margin-left: auto; margin-right: auto;\"><img loading=\"lazy\" decoding=\"async\" border=\"0\" height=\"200\" src=\"http:\/\/3.bp.blogspot.com\/-QRockLxF0PM\/UqDkErh6CsI\/AAAAAAAAJW4\/ECMSQoOdFDs\/s200\/GIORGIO+GINEX-RITRATTO10934.jpg\" width=\"133\" \/><\/a><\/td>\n<\/tr>\n<tr>\n<td style=\"text-align: center;\">Foto di Giovanni Gastel<\/td>\n<\/tr>\n<\/tbody>\n<\/table>\n<p><span style=\"color: #00000a; font-size: 12.0pt; mso-bidi-font-family: TimesNewRomanPSMT;\">Giorgio Ginex, laurea in Scienze Geologiche e un diploma all&#8217;accademia dei Filodrammatici di Milano, \u00e8 attore, doppiatore e conduttore radiofonico. Ha lavorato per la radio, la televisione, il cinema ed il teatro con importanti registi, fra i quali Luca Ronconi, Dino Risi, Lina Wertmuller, Franco Branciaroli, Thierry Salmon.<o:p><\/o:p><\/span><\/div>\n<div style=\"mso-layout-grid-align: none; tab-stops: 481.9pt; text-align: justify; text-autospace: none;\"><span style=\"color: #00000a; font-size: 12.0pt; mso-bidi-font-family: TimesNewRomanPSMT;\">Per alcuni anni ha fatto parte del cast della soap opera \u201cVivere\u201d, trasmessa da Canale 5. <o:p><\/o:p><\/span><\/div>\n<div style=\"mso-layout-grid-align: none; tab-stops: 481.9pt; text-align: justify; text-autospace: none;\"><span style=\"color: #00000a; font-size: 12.0pt; mso-bidi-font-family: TimesNewRomanPSMT;\">Attualmente lavora stabilmente come doppiatore (\u00e8 la voce italiana di Simon Cowell) e conduce un programma su RTL 102.5.<o:p><\/o:p><\/span><\/div>\n<div style=\"mso-layout-grid-align: none; tab-stops: 481.9pt; text-align: justify; text-autospace: none;\"><span style=\"color: #00000a; font-size: 12.0pt; mso-bidi-font-family: TimesNewRomanPSMT;\">Ama i libri, il cinema, la musica, i viaggi, il tai chi e gioca a calcio nella Nazionale Artisti TV.<o:p><\/o:p><\/span><\/div>\n<div style=\"text-align: justify;\"><\/div>\n<div style=\"text-align: justify;\"><span style=\"font-size: 12.0pt;\"><o:p><br \/><\/o:p><\/span><\/div>\n<div style=\"text-align: justify;\"><\/div>\n<div style=\"text-align: justify;\"><\/div>\n<div style=\"text-align: justify;\"><\/div>\n<div style=\"mso-outline-level: 1; text-align: justify;\"><b style=\"mso-bidi-font-weight: normal;\"><i style=\"mso-bidi-font-style: normal;\"><span style=\"font-size: 11.0pt; mso-bidi-font-size: 12.0pt;\">LECTIO MAGISTRALIS DI FOTOGRAFIA E DINTORNI &#8211; II Ciclo<\/span><\/i><\/b><i style=\"mso-bidi-font-style: normal;\"><span style=\"font-size: 11.0pt; mso-bidi-font-size: 12.0pt;\"><o:p><\/o:p><\/span><\/i><\/div>\n<div style=\"mso-outline-level: 1; text-align: justify;\"><b style=\"mso-bidi-font-weight: normal;\"><span style=\"font-size: 11.0pt; mso-bidi-font-size: 12.0pt;\">MARIROSA TOSCANI BALLO. <i style=\"mso-bidi-font-style: normal;\"><span style=\"mso-bidi-font-weight: bold;\">Il linguaggio dell\u2019oggetto attraverso le fotografie di Ballo + Ballo<\/span><\/i><span style=\"mso-bidi-font-weight: bold;\"><o:p><\/o:p><\/span><\/span><\/b><\/div>\n<div style=\"mso-outline-level: 1; text-align: justify;\"><span style=\"font-size: 11.0pt; mso-bidi-font-size: 12.0pt;\">Conversazione <\/span><span style=\"font-size: 11.0pt; mso-bidi-font-size: 10.0pt;\">stimolata da <b style=\"mso-bidi-font-weight: normal;\">Isa Tutino<\/b> e <b style=\"mso-bidi-font-weight: normal;\">Paola Proverbio<\/b> e<\/span><span style=\"font-size: 11.0pt; mso-bidi-font-size: 12.0pt;\"> introdotta da <b style=\"mso-bidi-font-weight: normal;\">Giorgio Ginex<\/b><o:p><\/o:p><\/span><\/div>\n<div style=\"mso-outline-level: 1; text-align: justify;\"><b style=\"mso-bidi-font-weight: normal;\"><span style=\"font-size: 11.0pt; mso-bidi-font-size: 12.0pt;\">Gioved\u00ec 12 dicembre 2013, ore 19.00<o:p><\/o:p><\/span><\/b><\/div>\n<div style=\"mso-outline-level: 1; text-align: justify;\"><span style=\"font-size: 11.0pt; mso-bidi-font-size: 12.0pt;\">Teatro Agor\u00e0 della Triennale di Milano (viale Alemagna 6)<o:p><\/o:p><\/span><\/div>\n<div style=\"text-align: justify;\"><\/div>\n<div style=\"mso-outline-level: 1; text-align: justify;\"><b style=\"mso-bidi-font-weight: normal;\"><span style=\"font-size: 11.0pt; mso-bidi-font-size: 12.0pt;\">Ingresso gratuito (fino esaurimento posti)<o:p><\/o:p><\/span><\/b><\/div>\n<div style=\"text-align: justify;\"><\/div>\n<div style=\"mso-outline-level: 1; text-align: justify;\"><b style=\"mso-bidi-font-weight: normal;\"><span style=\"font-size: 11.0pt; mso-bidi-font-size: 12.0pt;\">AFIP- Associazione Fotografi Italiani Professionisti<\/span><\/b><span style=\"font-size: 11.0pt; mso-bidi-font-size: 12.0pt;\"><o:p><\/o:p><\/span><\/div>\n<div style=\"mso-outline-level: 1; text-align: justify;\"><span style=\"font-size: 11.0pt; mso-bidi-font-size: 12.0pt;\">Per informazioni: <a href=\"mailto:afip@afip.it\">afip@afip.it<\/a><o:p><\/o:p><\/span><\/div>\n<div style=\"mso-outline-level: 1; text-align: justify;\"><span style=\"font-size: 11.0pt; mso-bidi-font-size: 12.0pt;\">Sito internet: <a href=\"http:\/\/www.afip.it\/\">www.afip.it<\/a><o:p><\/o:p><\/span><\/div>\n<div style=\"text-align: justify;\"><\/div>\n<div style=\"mso-outline-level: 1; text-align: justify;\"><b style=\"mso-bidi-font-weight: normal;\"><u><span style=\"font-size: 11.0pt;\">Ufficio stampa<o:p><\/o:p><\/span><\/u><\/b><\/div>\n<div style=\"mso-outline-level: 1; text-align: justify;\"><b style=\"mso-bidi-font-weight: normal;\"><span style=\"font-size: 11.0pt;\">CLP Relazioni Pubbliche <o:p><\/o:p><\/span><\/b><\/div>\n<div style=\"mso-outline-level: 1; text-align: justify;\"><span style=\"font-size: 11.0pt;\">Marta Paini, tel. 02 36 755 700<o:p><\/o:p><\/span><\/div>\n<div style=\"text-align: justify;\"><span style=\"font-size: 11.0pt;\"><a href=\"mailto:marta.paini@clponline.it\">marta.paini@clponline.it<\/a> ; <a href=\"http:\/\/www.clponline.it\/\">www.clponline.it<\/a><o:p><\/o:p><\/span><\/div>\n<div style=\"text-align: justify;\"><\/div>\n<div style=\"mso-outline-level: 1; text-align: justify;\"><b style=\"mso-bidi-font-weight: normal;\"><span style=\"font-size: 11.0pt;\">Comunicato stampa e immagini su <a href=\"http:\/\/www.clponline.it\/\">www.clponline.it<\/a><o:p><\/o:p><\/span><\/b><\/div>\n<div style=\"clear: both; text-align: center;\"><!--[if !mso]><![endif]--><!--[if gte mso 9]><xml> <o:OfficeDocumentSettings>  <o:AllowPNG\/> <\/o:OfficeDocumentSettings><\/xml><![endif]--><!--[if gte mso 9]><xml> <w:WordDocument>  <w:Zoom>0<\/w:Zoom>  <w:TrackMoves>false<\/w:TrackMoves>  <w:TrackFormatting\/>  <w:HyphenationZone>14<\/w:HyphenationZone>  <w:PunctuationKerning\/>  <w:DrawingGridHorizontalSpacing>18 pt<\/w:DrawingGridHorizontalSpacing>  <w:DrawingGridVerticalSpacing>18 pt<\/w:DrawingGridVerticalSpacing>  <w:DisplayHorizontalDrawingGridEvery>0<\/w:DisplayHorizontalDrawingGridEvery>  <w:DisplayVerticalDrawingGridEvery>0<\/w:DisplayVerticalDrawingGridEvery>  <w:ValidateAgainstSchemas\/>  <w:SaveIfXMLInval>false<\/w:SaveIfXMLInvalid>  <w:IgnoreMixedContent>false<\/w:IgnoreMixedContent>  <w:AlwaysShowPlaceholderText>false<\/w:AlwaysShowPlaceholderText>  <w:Compatibility>   <w:BreakWrappedTables\/>   <w:DontGrowAutofit\/>   <w:DontAutofitConstrainedTables\/>   <w:DontVertAlignInTxbx\/>  <\/w:Compatibility> <\/w:WordDocument><\/xml><![endif]--><!--[if gte mso 9]><xml> <w:LatentStyles DefLockedState=\"false\" LatentStyleCount=\"276\"> <\/w:LatentStyles><\/xml><![endif]--> <!--[if gte mso 10]><![endif]-->   <!--StartFragment-->                                                                                                                                                           <!--EndFragment--><\/div>\n<div style=\"text-align: justify;\"><\/div>\n<p><\/p>\n","protected":false},"excerpt":{"rendered":"<p>GIOVED\u00cc 12 DICEMBRE 2013, ORE 19.00 AL SALONE D\u2019ONORE DELLA TRIENNALE DI MILANO LA LECTIO MAGISTRALIS DI MARIROSA TOSCANI BALLO La conversazione, dal titolo Il linguaggio dell\u2019oggetto attraverso le fotografie di Ballo + Ballo, presentata da Giorgio Ginex, sar\u00e0 stimolata dagli interventi di Isa Tutino e Paola Proverbio. La serata \u00e8 l\u2019ultima di 13 lezioni, organizzate dalla AFIP &#8211; Associazione Fotografi Italiani Professionisti e CNA Professioni che hanno proposto incontri con i grandi protagonisti della fotografia italiana. Gioved\u00ec 12 dicembre 2013, alle ore 19.00, il Salone d\u2019onore della Triennale di Milano ospiter\u00e0 l\u2019ultima lectio magistralis dell\u2019anno, organizzata da AFIP &#8211; Associazione Fotografi Italiani Professionisti e CNA Professioni. Protagonista di questo appuntamento sar\u00e0 Marirosa Toscani Ballo, fondatrice, insieme al marito Aldo, dello studio fotografico Ballo + Ballo. La conversazione sar\u00e0 introdotta da Giorgio Ginex, attore, doppiatore e conduttore radiofonico che legger\u00e0 tre poesie di Aldo Ballo,&nbsp;e stimolata dagli interventi di Isa Tutino, giornalista con competenza specifica nell\u2019ambito del design e fondatrice di diverse testate di architettura e arredamento d\u2019interni (Casa Vogue, Ambienti), e di Paola Proverbio, docente di storia del design e dell\u2019architettura contemporanea all\u2019Universit\u00e0 Cattolica e al Politecnico di Milano. L\u2019intervento di Marirosa Toscani Ballo sar\u00e0 trasversale tra la fotografia e il design. Proprio in questi due ambiti si iscrive la sua carriera, vissuta principalmente attraverso lo studio Ballo + Ballo che, grazie ad un\u2019attivit\u00e0 di ricerca costante, \u00e8 diventato un punto di riferimento per i designer pi\u00f9 importanti. Il linguaggio dell\u2019oggetto, titolo della lectio, riconduce a quello che era l\u2019imperativo di Aldo Ballo: &#8220;Io non faccio foto d\u2019arte, foto &#8220;da chiodo&#8221;, qui si fa fotografia industriale, si va dentro l\u2019oggetto: interpretare l\u2019oggetto, restituirgli l\u2019anima&#8220;. La Lectio di Marirosa Toscani Ballo verr\u00e0 trasmessa in diretta streaming all\u2019indirizzo http:\/\/afiponline.blogspot.it Ritratto di Giovanni Gastel Marirosa Toscani Ballo Nata a Milano nel 1931, interrompe gli studi all\u2019Accademia di Brera per aiutare il padre, fotografo&nbsp;reporter, dopo un incidente. Inizia quindi prestissimo, a 18 anni, a lavorare come reporter. Aldo Ballo \u00e8 nato a Sciacca (AG) nel 1928. A 12 anni lascia la Sicilia con la famiglia per trasferirsi a Milano. Studia a Brera e Architettura al Politecnico, che abbandona al 3\u00b0anno per fare il reporter insieme a Marirosa Toscani. Nel 1953 inizia quindi il loro lavoro di fotografi che vede la partecipazione a numerose riviste importanti. Aulenti, Boeri, Vigo, Sottsass, Castiglioni, Rossi, Bellini, Starck: sono solo alcuni dei nomi che hanno scelto lo Studio Ballo per la professionalit\u00e0, l\u2019intelligenza, l\u2019ironia, l\u2019eleganza, la creativit\u00e0. Molte delle loro fotografie sono entrate nell\u2019immaginario collettivo e tutt\u2019oggi pubblicate come immagini di riferimento per il design contemporaneo. Isa Tutino Giornalista con una competenza specifica nel campo del design, nel 1968 fonda Casa Vogue, la rivista di arredamento, architettura, arte e stili di vita che poi diriger\u00e0 sino al \u201993. Per le Edizioni Cond\u00e9 Nast ha fondato e diretto anche altre testate, fra le quali Antiques, Do Maggiore, e Ambienti. Ha collaborato a diverse testate come il Corriere della Sera, La Voce, l\u2019Espresso, Casamica e Interni. E\u2019 autrice, inoltre, di una ventina di volumi sul design, l\u2019architettura e la moda, compresi libri per bambini, uno dei quali ha meritato un premio Unesco per la pace. Dal \u201993 svolge attivit\u00e0 di consulenza per Krizia, come responsabile della programmazione culturale dello Spazio Krizia. Attualmente sta preparando una grande mostra sullo stilista e designer Ken Scott, che si terr\u00e0 in primavera a Lucca. Ha due figli, Luca e Matteo, dal primo matrimonio con l\u2019architetto Gio Vercelloni; ora \u00e8 sposata con il giornalista e scrittore Franco Ottolenghi. Abitano a Milano, ma gran parte dell\u2019anno anche a Filicudi. Paola Proverbio Laureata in architettura, dal 2001 svolge attivit\u00e0 didattica tenendo corsi che riguardano la teoria e la storia del design e dell\u2019architettura contemporanea presso l\u2019Universit\u00e0 Cattolica del Sacro Cuore e il Politecnico di Milano. E\u2019 membro dell\u2019associazione Ais.Design, Associazione italiana degli storici del design (www.aisdesign.org), e redattrice della rivista online \u201cAis\/Design. Storia e ricerche\u201d. E\u2019 stata consulente scientifico per la creazione degli archivi storici digitalizzati dei marchi Danese, Flos, Arteluce; consulente per l\u2019archivio iconografico della rivista Domus e curatrice del Museum of Italian Design del portale www.design-italia.it. Di recente ha collaborato con il CASVA (Centro di Alti Studi sulle Arti Visive del Comune di Milano) per lo studio e la catalogazione di archivi di design e architettura, i cui contributi sono confluiti nel volume miscellaneo Gli archivi di architettura,design e grafica in Lombardia. Censimento delle fonti, Quaderni del C.A.S.V.A., 2012. Giorgio Ginex Foto di Giovanni Gastel Giorgio Ginex, laurea in Scienze Geologiche e un diploma all&#8217;accademia dei Filodrammatici di Milano, \u00e8 attore, doppiatore e conduttore radiofonico. Ha lavorato per la radio, la televisione, il cinema ed il teatro con importanti registi, fra i quali Luca Ronconi, Dino Risi, Lina Wertmuller, Franco Branciaroli, Thierry Salmon. Per alcuni anni ha fatto parte del cast della soap opera \u201cVivere\u201d, trasmessa da Canale 5. Attualmente lavora stabilmente come doppiatore (\u00e8 la voce italiana di Simon Cowell) e conduce un programma su RTL 102.5. Ama i libri, il cinema, la musica, i viaggi, il tai chi e gioca a calcio nella Nazionale Artisti TV. LECTIO MAGISTRALIS DI FOTOGRAFIA E DINTORNI &#8211; II Ciclo MARIROSA TOSCANI BALLO. Il linguaggio dell\u2019oggetto attraverso le fotografie di Ballo + Ballo Conversazione stimolata da Isa Tutino e Paola Proverbio e introdotta da Giorgio Ginex Gioved\u00ec 12 dicembre 2013, ore 19.00 Teatro Agor\u00e0 della Triennale di Milano (viale Alemagna 6) Ingresso gratuito (fino esaurimento posti) AFIP- Associazione Fotografi Italiani Professionisti Per informazioni: afip@afip.it Sito internet: www.afip.it Ufficio stampa CLP Relazioni Pubbliche Marta Paini, tel. 02 36 755 700 marta.paini@clponline.it ; www.clponline.it Comunicato stampa e immagini su www.clponline.it<\/p>\n","protected":false},"author":1,"featured_media":0,"comment_status":"open","ping_status":"open","sticky":false,"template":"","format":"standard","meta":{"ngg_post_thumbnail":0,"footnotes":""},"categories":[2],"tags":[],"class_list":["post-553","post","type-post","status-publish","format-standard","hentry","category-fotografi"],"_links":{"self":[{"href":"https:\/\/www.afipinternational.com\/news\/wp-json\/wp\/v2\/posts\/553","targetHints":{"allow":["GET"]}}],"collection":[{"href":"https:\/\/www.afipinternational.com\/news\/wp-json\/wp\/v2\/posts"}],"about":[{"href":"https:\/\/www.afipinternational.com\/news\/wp-json\/wp\/v2\/types\/post"}],"author":[{"embeddable":true,"href":"https:\/\/www.afipinternational.com\/news\/wp-json\/wp\/v2\/users\/1"}],"replies":[{"embeddable":true,"href":"https:\/\/www.afipinternational.com\/news\/wp-json\/wp\/v2\/comments?post=553"}],"version-history":[{"count":0,"href":"https:\/\/www.afipinternational.com\/news\/wp-json\/wp\/v2\/posts\/553\/revisions"}],"wp:attachment":[{"href":"https:\/\/www.afipinternational.com\/news\/wp-json\/wp\/v2\/media?parent=553"}],"wp:term":[{"taxonomy":"category","embeddable":true,"href":"https:\/\/www.afipinternational.com\/news\/wp-json\/wp\/v2\/categories?post=553"},{"taxonomy":"post_tag","embeddable":true,"href":"https:\/\/www.afipinternational.com\/news\/wp-json\/wp\/v2\/tags?post=553"}],"curies":[{"name":"wp","href":"https:\/\/api.w.org\/{rel}","templated":true}]}}