{"id":540,"date":"2014-04-03T17:53:00","date_gmt":"2014-04-03T15:53:00","guid":{"rendered":"http:\/\/www.afipinternational.com\/news\/2014\/04\/03\/maurizio-rebuzzini-consapevolezza-della-fotografia\/"},"modified":"2016-04-09T09:16:43","modified_gmt":"2016-04-09T07:16:43","slug":"maurizio-rebuzzini-consapevolezza-della-fotografia","status":"publish","type":"post","link":"https:\/\/www.afipinternational.com\/news\/2014\/04\/03\/maurizio-rebuzzini-consapevolezza-della-fotografia\/","title":{"rendered":"Maurizio Rebuzzini &#8211; Consapevolezza della Fotografia"},"content":{"rendered":"<div style=\"clear: both; text-align: center;\"><a style=\"margin-left: 1em; margin-right: 1em;\" href=\"http:\/\/2.bp.blogspot.com\/-QcdoTn54es0\/Uz1-LAUl9ZI\/AAAAAAAAJpY\/SZLhIR2p1eE\/s1600\/LEZIONI+REBUZZINI+bassa.jpg\"><img loading=\"lazy\" decoding=\"async\" src=\"http:\/\/2.bp.blogspot.com\/-QcdoTn54es0\/Uz1-LAUl9ZI\/AAAAAAAAJpY\/SZLhIR2p1eE\/s1600\/LEZIONI+REBUZZINI+bassa.jpg\" alt=\"\" width=\"452\" height=\"640\" border=\"0\" \/><\/a><\/div>\n<div style=\"clear: both; text-align: center;\"><\/div>\n<div style=\"clear: both; text-align: center;\"><\/div>\n<div style=\"clear: both; text-align: center;\"><\/div>\n<div style=\"clear: both; text-align: center;\"><\/div>\n<div style=\"clear: both; text-align: center;\"><span style=\"font-size: large;\"><b>CONSAPEVOLEZZA DELLA FOTOGRAFIA<\/b><\/span><\/div>\n<div style=\"clear: both; text-align: center;\"><span style=\"font-size: large;\"><b>\u00a0<\/b><\/span><\/div>\n<div style=\"clear: both; text-align: center;\"><b>Dieci Incontri A Cura di<\/b><\/div>\n<div style=\"clear: both; text-align: center;\"><b>\u00a0<\/b><\/div>\n<div style=\"clear: both; text-align: center;\"><b>MAURIZIO REBUZZINI<\/b><\/div>\n<div style=\"clear: both; text-align: center;\"><\/div>\n<div style=\"clear: both; text-align: center;\"><\/div>\n<div style=\"margin-bottom: 0cm;\" align=\"CENTER\">D<span style=\"font-family: Arial, sans-serif;\">irettore di FOTOgraphia e <\/span><span style=\"font-family: Arial, sans-serif;\"><a href=\"http:\/\/www.fotographiaonline.it\/\"><span style=\"color: black;\"><span style=\"text-decoration: none;\">www.FOTOgraphiaONLINE.it<\/span><\/span><\/a><\/span><\/div>\n<div style=\"margin-bottom: 0cm;\" align=\"CENTER\">D<span style=\"font-family: Arial, sans-serif;\">ocente a incarico di Storia della Fotografia alla Facolt\u00e0 di Lettere e Filosofia<br \/>\ndell\u2019Universit\u00e0 Cattolica del Sacro Cuore (sede di Brescia)<\/span><\/div>\n<div style=\"margin-bottom: 0cm;\" align=\"CENTER\">C<span style=\"font-family: Arial, sans-serif;\">uratore della sezione Storia degli apparecchi fotografici<br \/>\ndel Museo Nazionale Alinari della Fotografia (Mnaf), di Firenze<\/span><\/div>\n<p>&nbsp;<\/p>\n<div style=\"clear: both; text-align: center;\"><span style=\"font-size: large;\">\u00a0<\/span><\/div>\n<div style=\"clear: both; text-align: justify;\"><span style=\"font-family: Arial, sans-serif;\"><span style=\"color: black;\">La fotografia \u00e8 un linguaggio<\/span>, che va conosciuto e nel quale e con il quale destreggiarsi per esprimere la propria creativit\u00e0, ma anche per essere coscienti della sua presenza nella nostra societ\u00e0.<\/span><\/div>\n<div style=\"margin-bottom: 0cm; text-align: justify;\"><span style=\"font-family: Arial, sans-serif;\">Al di la degli ambiti in cui si orienta e nei quali ognuno svolge la propria professione, quello che conta \u00e8 soprattutto la <span style=\"color: black;\">consapevolezza dei princ\u00ecpi che definiscono il linguaggio e la sua espressivit\u00e0.<\/span><\/span><\/div>\n<div style=\"margin-bottom: 0cm; text-align: justify;\"><span style=\"font-family: Arial, sans-serif;\">Ha valore esclusivamente ci\u00f2 che si ha nella propria mente e ci\u00f2 che si vuole esprimere.<\/span><\/div>\n<div style=\"margin-bottom: 0cm; text-align: justify;\"><span style=\"font-family: Arial, sans-serif;\">Viene proposto un percorso con esempi e attraversamenti della storia della fotografia, con quanto e per quanto c\u2019\u00e8 da <span style=\"color: black;\">trarne proficue lezioni,<\/span> utili nella propria pratica e frequentazione quotidiana. Pur con tutte le <span style=\"color: black;\">omissioni <\/span>si tratta sempre di spunti utili e proficui.<\/span><\/div>\n<div style=\"margin-bottom: 0cm; text-align: justify;\"><span style=\"font-family: Arial, sans-serif;\">Nulla di spendibile nel tempo breve (per esempio, come fotografare qualcosa di specifico), ma <span style=\"color: black;\">considerazioni e riflessioni utili al proprio bagaglio complessivo<\/span>, alla propria partecipazione alla fotografia.<\/span><\/div>\n<div style=\"margin-bottom: 0cm; text-align: justify;\"><span style=\"font-family: Arial, sans-serif;\"><span style=\"font-size: medium;\"><span style=\"font-size: x-small;\">\u00a0<\/span><\/span><\/span><\/div>\n<div style=\"margin-bottom: 0cm;\"><\/div>\n<div style=\"margin-bottom: 0cm; text-align: justify;\" align=\"CENTER\"><span style=\"font-size: medium;\"><span style=\"color: #1f497d; font-family: Calibri, sans-serif;\">\u00a0<\/span><\/span><\/div>\n<div style=\"font-family: Arial, sans-serif; margin-bottom: 0cm;\" align=\"CENTER\"><span style=\"font-family: Arial, sans-serif;\"><span style=\"font-size: small;\">28 aprile 2014<\/span><\/span><\/div>\n<div style=\"font-family: Arial, sans-serif; margin-bottom: 0cm;\" align=\"CENTER\"><span style=\"color: red;\"><span style=\"font-family: Arial, sans-serif;\"><span style=\"font-size: small;\"><b>ORIGINI E PREORIGINI DELLA FOTOGRAFIA<\/b><\/span><\/span><\/span><\/div>\n<div style=\"font-family: Arial, sans-serif; margin-bottom: 0cm;\" align=\"CENTER\"><span style=\"font-family: Arial, sans-serif;\"><i>Origini, antefatti e consecuzioni dell\u2019invenzione della fotografia<\/i><\/span><\/div>\n<div style=\"font-family: Arial, sans-serif; margin-bottom: 0cm; text-align: center;\"><span style=\"font-family: Arial, sans-serif;\"><i>1839&#8230; e prima. <\/i><\/span><\/div>\n<div style=\"font-family: Arial, sans-serif; margin-bottom: 0cm; text-align: center;\"><span style=\"font-family: Arial, sans-serif;\"><i>Debiti di riconoscenza della fotografia e sue peculiarit\u00e0 con richiami alle osservazioni sulla formazione delle immagini [Mo Ti, Aristotele, Gemma Frisius, Leonardo da Vinci].<\/i><\/span><\/div>\n<div style=\"font-family: Arial, sans-serif; margin-bottom: 0cm; text-align: center;\"><span style=\"font-family: Arial, sans-serif;\"><i>Uso della camera obscura in pittura [Canaletto, Bellotto e vedutisti del Settecento].<\/i><\/span><\/div>\n<div style=\"font-family: Arial, sans-serif; margin-bottom: 0cm; text-align: center;\"><span style=\"font-family: Arial, sans-serif;\"><i>Illuminismo e successiva esigenza di realismo [Francis Bacon]<\/i><\/span><\/div>\n<div style=\"font-family: Arial, sans-serif; font-size: 15pt; margin-bottom: 0cm;\"><\/div>\n<div style=\"font-family: Arial, sans-serif; margin-bottom: 0cm;\" align=\"CENTER\"><span style=\"font-family: Arial, sans-serif;\"><span style=\"font-size: small;\">5 maggio 2014<br \/>\n<b style=\"color: red;\">STORIE DELLA FOTOGRAFIA<\/b><\/span><\/span><\/div>\n<div style=\"font-family: Arial, sans-serif; margin-bottom: 0cm;\" align=\"CENTER\"><span style=\"font-family: Arial, sans-serif;\"><i>Racconti da conoscere, da approfondire e magari qualcuno da comprendere<\/i><\/span><\/div>\n<div style=\"font-family: Arial, sans-serif; font-size: 15pt; margin-bottom: 0cm;\" align=\"CENTER\"><\/div>\n<div style=\"margin-bottom: 0cm; text-align: center;\"><span style=\"font-family: Calibri, sans-serif;\">12 maggio 2014<\/span><\/div>\n<div style=\"font-family: Arial, sans-serif; margin-bottom: 0cm;\" align=\"CENTER\"><span style=\"color: red;\"><span style=\"font-family: Arial, sans-serif;\"><span style=\"font-size: small;\"><b>ICONE DELLA FOTOGRAFIA<\/b><\/span><\/span><\/span><\/div>\n<div style=\"font-family: Arial, sans-serif; margin-bottom: 0cm;\" align=\"CENTER\"><span style=\"font-family: Arial, sans-serif;\"><i>Cambia il mondo. Fotografie epocali e di avvenimenti epocali.<\/i><\/span><\/div>\n<div style=\"font-family: Arial, sans-serif; margin-bottom: 0cm;\" align=\"CENTER\"><span style=\"font-family: Arial, sans-serif;\"><i>Icone per chi? e per quanto? Tra addetti e societ\u00e0<\/i><\/span><\/div>\n<div style=\"font-family: Arial, sans-serif; font-size: 15pt; margin-bottom: 0cm;\" align=\"CENTER\"><\/div>\n<div style=\"margin-bottom: 0cm; text-align: center;\"><span style=\"font-family: Calibri, sans-serif;\">19 maggio 2014<\/span><\/div>\n<div style=\"font-family: Arial, sans-serif; margin-bottom: 0cm;\" align=\"CENTER\"><span style=\"font-family: Arial, sans-serif;\"><span style=\"color: red;\"><span style=\"font-size: small;\"><b>A FORZA DEL RITRATTO <\/b><\/span><\/span><span style=\"color: black;\">(oltre se stesso)<\/span><\/span><\/div>\n<div style=\"font-family: Arial, sans-serif; margin-bottom: 0cm;\" align=\"CENTER\"><span style=\"font-family: Arial, sans-serif;\"><i>La figura e la sua rappresentativit\u00e0: archetipi e significati.<\/i><\/span><\/div>\n<div style=\"font-family: Arial, sans-serif; margin-bottom: 0cm;\" align=\"CENTER\"><span style=\"font-family: Arial, sans-serif;\"><i>Da August Sander e Edward Sheriff Curtis, per tutto il Novecento, con usi e abusi nel fotogiornalismo (ma non \u00e8 poi detto).<\/i><\/span><\/div>\n<div style=\"font-family: Arial, sans-serif; font-size: 15pt; margin-bottom: 0cm;\" align=\"CENTER\"><\/div>\n<div style=\"font-family: Arial, sans-serif; margin-bottom: 0cm;\" align=\"CENTER\">26 maggio 2014<\/div>\n<div style=\"font-family: Arial, sans-serif; margin-bottom: 0cm;\" align=\"CENTER\"><span style=\"color: red;\"><span style=\"font-family: Arial, sans-serif;\"><span style=\"font-size: small;\"><b>QUATTRO SVOLTE SENZA RITORNO<\/b><\/span><\/span><\/span><\/div>\n<div style=\"font-family: Arial, sans-serif; margin-bottom: 0cm; margin-left: 1cm;\" align=\"CENTER\"><span style=\"font-family: Arial, sans-serif;\"><i>Con quanto hanno comportato nella proiezione della fotografia verso e sulla societ\u00e0:<\/i><\/span><\/div>\n<div style=\"font-family: Arial, sans-serif; margin-bottom: 0cm; margin-left: 1cm;\" align=\"CENTER\"><span style=\"font-family: Arial, sans-serif;\"><i>Box Kodak (1888), Leica (1914-1925)<\/i><\/span><\/div>\n<div style=\"font-family: Arial, sans-serif; margin-bottom: 0cm; margin-left: 1cm;\" align=\"CENTER\"><span style=\"font-family: Arial, sans-serif;\"><i>Fotografia a sviluppo immediato (Polaroid; 1947-1948)<\/i><\/span><\/div>\n<div style=\"font-family: Arial, sans-serif; margin-bottom: 0cm; margin-left: 1cm;\" align=\"CENTER\"><span style=\"font-family: Arial, sans-serif;\"><i>Acquisizione digitale di immagini (Akio Morita &#8211; Sony; 1981)<\/i><\/span><\/div>\n<div style=\"font-family: Arial, sans-serif; margin-bottom: 0cm; margin-left: 1cm;\" align=\"CENTER\"><span style=\"font-family: Arial, sans-serif;\"><i>Dalla mediazione degli strumenti al linguaggio espressivo (e oltre<span style=\"font-size: 11pt;\">)<\/span><\/i><\/span><\/div>\n<div style=\"font-family: Arial, sans-serif; font-size: 15pt; margin-bottom: 0cm; text-align: -webkit-auto;\" align=\"CENTER\"><\/div>\n<div style=\"font-family: Arial, sans-serif; font-size: 15pt; margin-bottom: 0cm; text-align: center;\"><span style=\"color: black;\"><span style=\"font-family: Calibri, sans-serif;\"><span style=\"font-size: medium;\"><span style=\"background: #ffffff;\">Seguiranno in date ancora da definirsi:<\/span><\/span><\/span><\/span><\/div>\n<div style=\"margin-bottom: 0cm; text-align: center;\"><span style=\"color: #1f497d; font-family: Calibri, sans-serif; font-size: medium;\">\u00a0<\/span><\/div>\n<div style=\"font-family: Arial, sans-serif; margin-bottom: 0cm;\" align=\"CENTER\"><span style=\"color: red;\"><span style=\"font-family: Arial, sans-serif;\"><span style=\"font-size: small;\"><b>LA FOTOGRAFIA ATTORNO A NOI<\/b><\/span><\/span><\/span><\/div>\n<div style=\"font-family: Arial, sans-serif; margin-bottom: 0cm;\" align=\"CENTER\"><span style=\"font-family: Arial, sans-serif;\"><i>Apparentemente, da cinema, fumetto, letteratura e altro&#8230; <\/i><\/span><\/div>\n<div style=\"font-family: Arial, sans-serif; margin-bottom: 0cm;\" align=\"CENTER\"><span style=\"font-family: Arial, sans-serif;\"><i>ma senza alcuna autoreferenzialit\u00e0 a questo.<\/i><\/span><\/div>\n<div style=\"font-family: Arial, sans-serif; margin-bottom: 0cm;\" align=\"CENTER\"><span style=\"font-family: Arial, sans-serif;\"><i>Dalla mediazione degli strumenti al linguaggio espressivo (e oltre)<\/i><\/span><\/div>\n<div style=\"font-family: Arial, sans-serif; font-size: 15pt; margin-bottom: 0cm;\"><\/div>\n<div style=\"font-family: Arial, sans-serif; margin-bottom: 0cm;\" align=\"CENTER\"><span style=\"color: red;\"><span style=\"font-family: Arial, sans-serif;\"><span style=\"font-size: small;\"><b>REPORTAGE<\/b><\/span><\/span><\/span><\/div>\n<div style=\"font-family: Arial, sans-serif; margin-bottom: 0cm;\" align=\"CENTER\"><span style=\"font-family: Arial, sans-serif;\"><i>Attraversamento e considerazioni.<\/i><\/span><\/div>\n<div style=\"font-family: Arial, sans-serif; margin-bottom: 0cm;\" align=\"CENTER\"><span style=\"font-family: Arial, sans-serif;\"><i>La vita nel proprio svolgersi: il racconto del Tempo e della societ\u00e0<\/i><\/span><\/div>\n<div style=\"font-family: Arial, sans-serif; font-size: 15pt; margin-bottom: 0cm;\" align=\"CENTER\"><\/div>\n<div style=\"font-family: Arial, sans-serif; margin-bottom: 0cm;\" align=\"CENTER\"><span style=\"color: red;\"><span style=\"font-family: Arial, sans-serif;\"><b>RITRATTO<\/b><\/span><\/span><\/div>\n<div style=\"font-family: Arial, sans-serif; margin-bottom: 0cm;\" align=\"CENTER\"><span style=\"font-family: Arial, sans-serif;\"><i>Attraversamento e considerazioni.<\/i><\/span><\/div>\n<div style=\"font-family: Arial, sans-serif; margin-bottom: 0cm;\" align=\"CENTER\"><span style=\"font-family: Arial, sans-serif;\"><i>Dalla moda al reportage, la figura umana.<\/i><\/span><\/div>\n<div style=\"font-family: Arial, sans-serif; font-size: 15pt; margin-bottom: 0cm;\" align=\"CENTER\"><\/div>\n<div style=\"font-family: Arial, sans-serif; margin-bottom: 0cm;\" align=\"CENTER\"><span style=\"color: red;\"><span style=\"font-family: Arial, sans-serif;\"><span style=\"font-size: small;\"><b>MISCELLANEA<\/b><\/span><\/span><\/span><\/div>\n<div style=\"font-family: Arial, sans-serif; margin-bottom: 0cm;\" align=\"CENTER\"><span style=\"font-family: Arial, sans-serif;\"><i>Attraversamento e considerazioni.<\/i><\/span><\/div>\n<div style=\"font-family: Arial, sans-serif; font-size: 15pt; margin-bottom: 0cm;\" align=\"CENTER\"><\/div>\n<div style=\"font-family: Arial, sans-serif; margin-bottom: 0cm;\" align=\"CENTER\"><span style=\"color: red;\"><span style=\"font-family: Arial, sans-serif;\"><span style=\"font-size: small;\"><b>ETICA E MORALE<\/b><\/span><\/span><\/span><\/div>\n<div style=\"font-family: Arial, sans-serif; margin-bottom: 0cm;\" align=\"CENTER\"><span style=\"font-family: Arial, sans-serif;\"><i>Con ci\u00f2 che comportano.<\/i><\/span><\/div>\n<div style=\"font-family: Arial, sans-serif; margin-bottom: 0cm;\" align=\"CENTER\"><span style=\"font-family: Arial, sans-serif;\"><i>Discorso complesso, ma fondante: e anche educazione ed eleganza<\/i><\/span><\/div>\n<div style=\"font-family: Arial, sans-serif; font-size: 15pt; margin-bottom: 0cm;\" align=\"CENTER\"><\/div>\n<div style=\"font-family: Arial, sans-serif; font-size: 15pt; margin-bottom: 0cm;\" align=\"CENTER\"><span style=\"font-family: Arial, sans-serif;\"><span style=\"font-size: medium;\">Tutti gli incontri si terranno alle ore 19:00 presso la sede CNA di via Savona, 52 &#8211; Milano<\/span><\/span><\/div>\n<div style=\"font-family: Arial, sans-serif; font-size: 15pt; margin-bottom: 0cm;\" align=\"CENTER\"><span style=\"font-family: Arial, sans-serif;\"><span style=\"font-size: medium;\"><u>Entrata libera fino a esaurimento posti<\/u><\/span><\/span><\/div>\n<div style=\"font-family: Arial, sans-serif; font-size: 15pt; margin-bottom: 0cm;\" align=\"CENTER\"><u><span style=\"color: red;\"><span style=\"font-family: Arial, sans-serif;\"><span style=\"font-size: medium;\">Informazioni e prenotazione<\/span><\/span><\/span><span style=\"color: red;\"><span style=\"font-family: Arial, sans-serif;\"><span style=\"font-size: medium;\">obbligatoria <\/span><\/span><\/span><span style=\"color: blue;\"><a href=\"mailto:segreteria@afip.it\"><span style=\"color: #0068cf;\"><span style=\"font-family: Calibri, sans-serif;\"><span style=\"font-size: medium;\"><span style=\"background: #ffffff;\">segreteria@afip.it<\/span><\/span><\/span><\/span><\/a><\/span><\/u><\/div>\n<p>&nbsp;<\/p>\n","protected":false},"excerpt":{"rendered":"<p>CONSAPEVOLEZZA DELLA FOTOGRAFIA \u00a0 Dieci Incontri A Cura di \u00a0 MAURIZIO REBUZZINI Direttore di FOTOgraphia e www.FOTOgraphiaONLINE.it Docente a incarico di Storia della Fotografia alla Facolt\u00e0 di Lettere e Filosofia dell\u2019Universit\u00e0 Cattolica del Sacro Cuore (sede di Brescia) Curatore della sezione Storia degli apparecchi fotografici del Museo Nazionale Alinari della Fotografia (Mnaf), di Firenze &nbsp; \u00a0 La fotografia \u00e8 un linguaggio, che va conosciuto e nel quale e con il quale destreggiarsi per esprimere la propria creativit\u00e0, ma anche per essere coscienti della sua presenza nella nostra societ\u00e0. Al di la degli ambiti in cui si orienta e nei quali ognuno svolge la propria professione, quello che conta \u00e8 soprattutto la consapevolezza dei princ\u00ecpi che definiscono il linguaggio e la sua espressivit\u00e0. Ha valore esclusivamente ci\u00f2 che si ha nella propria mente e ci\u00f2 che si vuole esprimere. Viene proposto un percorso con esempi e attraversamenti della storia della fotografia, con quanto e per quanto c\u2019\u00e8 da trarne proficue lezioni, utili nella propria pratica e frequentazione quotidiana. Pur con tutte le omissioni si tratta sempre di spunti utili e proficui. Nulla di spendibile nel tempo breve (per esempio, come fotografare qualcosa di specifico), ma considerazioni e riflessioni utili al proprio bagaglio complessivo, alla propria partecipazione alla fotografia. \u00a0 \u00a0 28 aprile 2014 ORIGINI E PREORIGINI DELLA FOTOGRAFIA Origini, antefatti e consecuzioni dell\u2019invenzione della fotografia 1839&#8230; e prima. Debiti di riconoscenza della fotografia e sue peculiarit\u00e0 con richiami alle osservazioni sulla formazione delle immagini [Mo Ti, Aristotele, Gemma Frisius, Leonardo da Vinci]. Uso della camera obscura in pittura [Canaletto, Bellotto e vedutisti del Settecento]. Illuminismo e successiva esigenza di realismo [Francis Bacon] 5 maggio 2014 STORIE DELLA FOTOGRAFIA Racconti da conoscere, da approfondire e magari qualcuno da comprendere 12 maggio 2014 ICONE DELLA FOTOGRAFIA Cambia il mondo. Fotografie epocali e di avvenimenti epocali. Icone per chi? e per quanto? Tra addetti e societ\u00e0 19 maggio 2014 A FORZA DEL RITRATTO (oltre se stesso) La figura e la sua rappresentativit\u00e0: archetipi e significati. Da August Sander e Edward Sheriff Curtis, per tutto il Novecento, con usi e abusi nel fotogiornalismo (ma non \u00e8 poi detto). 26 maggio 2014 QUATTRO SVOLTE SENZA RITORNO Con quanto hanno comportato nella proiezione della fotografia verso e sulla societ\u00e0: Box Kodak (1888), Leica (1914-1925) Fotografia a sviluppo immediato (Polaroid; 1947-1948) Acquisizione digitale di immagini (Akio Morita &#8211; Sony; 1981) Dalla mediazione degli strumenti al linguaggio espressivo (e oltre) Seguiranno in date ancora da definirsi: \u00a0 LA FOTOGRAFIA ATTORNO A NOI Apparentemente, da cinema, fumetto, letteratura e altro&#8230; ma senza alcuna autoreferenzialit\u00e0 a questo. Dalla mediazione degli strumenti al linguaggio espressivo (e oltre) REPORTAGE Attraversamento e considerazioni. La vita nel proprio svolgersi: il racconto del Tempo e della societ\u00e0 RITRATTO Attraversamento e considerazioni. Dalla moda al reportage, la figura umana. MISCELLANEA Attraversamento e considerazioni. ETICA E MORALE Con ci\u00f2 che comportano. Discorso complesso, ma fondante: e anche educazione ed eleganza Tutti gli incontri si terranno alle ore 19:00 presso la sede CNA di via Savona, 52 &#8211; Milano Entrata libera fino a esaurimento posti Informazioni e prenotazioneobbligatoria segreteria@afip.it &nbsp;<\/p>\n","protected":false},"author":1,"featured_media":0,"comment_status":"open","ping_status":"open","sticky":false,"template":"","format":"standard","meta":{"ngg_post_thumbnail":0,"footnotes":""},"categories":[198,6,7],"tags":[],"class_list":["post-540","post","type-post","status-publish","format-standard","hentry","category-eventi","category-professione","category-tecnologia"],"_links":{"self":[{"href":"https:\/\/www.afipinternational.com\/news\/wp-json\/wp\/v2\/posts\/540","targetHints":{"allow":["GET"]}}],"collection":[{"href":"https:\/\/www.afipinternational.com\/news\/wp-json\/wp\/v2\/posts"}],"about":[{"href":"https:\/\/www.afipinternational.com\/news\/wp-json\/wp\/v2\/types\/post"}],"author":[{"embeddable":true,"href":"https:\/\/www.afipinternational.com\/news\/wp-json\/wp\/v2\/users\/1"}],"replies":[{"embeddable":true,"href":"https:\/\/www.afipinternational.com\/news\/wp-json\/wp\/v2\/comments?post=540"}],"version-history":[{"count":1,"href":"https:\/\/www.afipinternational.com\/news\/wp-json\/wp\/v2\/posts\/540\/revisions"}],"predecessor-version":[{"id":748,"href":"https:\/\/www.afipinternational.com\/news\/wp-json\/wp\/v2\/posts\/540\/revisions\/748"}],"wp:attachment":[{"href":"https:\/\/www.afipinternational.com\/news\/wp-json\/wp\/v2\/media?parent=540"}],"wp:term":[{"taxonomy":"category","embeddable":true,"href":"https:\/\/www.afipinternational.com\/news\/wp-json\/wp\/v2\/categories?post=540"},{"taxonomy":"post_tag","embeddable":true,"href":"https:\/\/www.afipinternational.com\/news\/wp-json\/wp\/v2\/tags?post=540"}],"curies":[{"name":"wp","href":"https:\/\/api.w.org\/{rel}","templated":true}]}}