{"id":519,"date":"2015-04-27T10:40:00","date_gmt":"2015-04-27T08:40:00","guid":{"rendered":""},"modified":"2016-04-09T16:24:20","modified_gmt":"2016-04-09T14:24:20","slug":"efrem-raimondi-la-fotografia-non-esiste","status":"publish","type":"post","link":"https:\/\/www.afipinternational.com\/news\/2015\/04\/27\/efrem-raimondi-la-fotografia-non-esiste\/","title":{"rendered":"Efrem Raimondi &#8211; La Fotografia Non Esiste"},"content":{"rendered":"<div style=\"font-family: Calibri; text-align: center;\"><b><span style=\"font-size: large;\">AFIP INTERNATIONAL<\/span><\/b><\/div>\n<div style=\"font-family: Calibri; text-align: center;\"><b><span style=\"font-size: large;\">LA PRIMAVERA DELLA FOTOGRAFIA<\/span><\/b><\/div>\n<div style=\"font-family: 'Times New Roman'; min-height: 18px; text-align: center;\"><span style=\"font-size: large;\"><b><\/b><br \/>\n<\/span><\/div>\n<div style=\"font-family: Calibri; text-align: center;\"><b><span style=\"font-size: large;\">DA GIOVED\u00cc 7 MAGGIO 2015, ore 19.00<\/span><\/b><\/div>\n<div style=\"font-family: Calibri; text-align: center;\"><b><span style=\"font-size: large;\">ALLA TRIENNALE DI MILANO<\/span><\/b><\/div>\n<div style=\"font-family: Calibri; text-align: center;\"><b><span style=\"font-size: large;\">TORNANO LE <i>LECTIO MAGISTRALIS<\/i><\/span><\/b><\/div>\n<div style=\"font-family: Calibri; text-align: center;\"><b><span style=\"font-size: large;\">DEI PI\u00d9 IMPORTANTI FOTOGRAFI ITALIANI<\/span><\/b><\/div>\n<div style=\"font-family: 'Times New Roman'; min-height: 12px;\"><span style=\"font-size: large;\">\u00a0<\/span><\/div>\n<div style=\"font-family: Calibri; text-align: center;\"><b><span style=\"font-size: large;\">A inaugurare il nuovo ciclo d\u2019incontri sar\u00e0<\/span><\/b><\/div>\n<div style=\"font-family: Calibri; text-align: center;\"><b><span style=\"font-size: large;\">EFREM RAIMONDI,<\/span><\/b><\/div>\n<div style=\"font-family: Calibri; text-align: center;\"><b><span style=\"font-size: large;\">introdotto da RAUL CREMONA.<\/span><\/b><\/div>\n<div style=\"font-family: 'Times New Roman'; min-height: 16px; text-align: center;\"><span style=\"font-size: large;\"><b><\/b><br \/>\n<\/span><\/div>\n<div style=\"font-family: Calibri; text-align: center;\"><span style=\"font-size: large;\"><b>Per l\u2019occasione, sar\u00e0 presentato il nuovo logo<\/b> <b>e la nuova immagine coordinata di Afip international creati da Interbrand<\/b><span style=\"font-family: 'Times New Roman';\"><b>.<\/b><\/span><\/span><\/div>\n<div style=\"font-family: 'Times New Roman'; min-height: 16px; text-align: center;\"><span style=\"font-size: large;\"><b><\/b><br \/>\n<\/span><\/div>\n<div style=\"font-family: Calibri; text-align: center;\"><b><span style=\"font-size: large;\">Le <i>Lectio Magistralis<\/i> sono organizzate dall\u2019AFIP International &#8211; Associazione Fotografi Professionisti in collaborazione con CNA Professioni<\/span><\/b><\/div>\n<div style=\"font-family: 'Times New Roman'; font-size: 12px; min-height: 15px;\"><\/div>\n<div style=\"font-family: 'Times New Roman'; font-size: 12px; min-height: 15px;\"><\/div>\n<div style=\"font-family: 'Times New Roman'; font-size: 12px; min-height: 15px;\"><\/div>\n<div style=\"font-family: 'Times New Roman'; font-size: 12px; min-height: 15px;\"><\/div>\n<div style=\"font-family: Calibri; text-align: justify;\"><b><span style=\"font-size: large;\">Alla Triennale di Milano sboccia la primavera della fotografia.\u00a0<\/span><\/b><\/div>\n<div style=\"font-family: Calibri; text-align: justify;\"><span style=\"font-size: large;\"><b>Da gioved\u00ec 7 maggio 2015, tornano le<\/b> <b><i>Lectio Magistralis<\/i><\/b>, la serie d\u2019incontri con i pi\u00f9 importanti fotografi italiani, organizzato <b>dall\u2019AFIP International &#8211; Associazione Fotografi Professionisti <\/b>in collaborazione <b>con CNA Professioni<\/b><span style=\"font-family: 'Times New Roman';\"><b>.<\/b><\/span><\/span><\/div>\n<div style=\"font-family: Calibri; margin-bottom: 6px; text-align: justify;\"><span style=\"font-size: large;\">Giunte al loro quinto ciclo, le <i>Lectio Magistralis<\/i> hanno saputo incontrare il gradimento del pubblico degli appassionati di fotografia al punto da diventare uno degli eventi milanesi pi\u00f9 attesi della stagione<span style=\"font-family: 'Times New Roman';\">.<\/span><\/span><\/div>\n<div style=\"font-family: Calibri; text-align: justify;\"><span style=\"font-size: large;\">Il nuovo calendario di appuntamenti \u00e8 anche l\u2019occasione per AFIP International di presentare il nuovo sito <a href=\"http:\/\/www.afipinternational.com\/\"><span style=\"color: #0034ff;\">www.afipinternational.com<\/span><\/a> e il nuovo logo e la nuova immagine coordinata, creati da Interbrand.\u00a0<\/span><\/div>\n<div style=\"font-family: Calibri; text-align: justify;\"><span style=\"font-size: large;\">Nell\u2019ambito di un progetto di rinnovamento AFIP International ha affidato a Interbrand il compito di ideare e sviluppare una nuova identit\u00e0 visiva che potesse trasmettere i valori di esperienza, professionalit\u00e0, arte e condivisione che da la sempre caratterizzano. Per la creazione dell\u2019identit\u00e0 visiva Interbrand si \u00e8 ispirata al concetto di fotografia e alle sue molteplici interpretazioni. Ha rielaborato un simbolo della fotografia analogica, la pellicola, reinterpretandola con un\u2019innovativa <i>texture<\/i> dal sapore contemporaneo e digitale. Il legame tra passato, presente e futuro \u00e8 sottolineato anche da un elegante gioco di ombre, riflessi e colori.\u00a0<\/span><\/div>\n<div style=\"font-family: 'Times New Roman'; min-height: 15px; text-align: justify;\"><span style=\"font-size: large;\">\u00a0<\/span><\/div>\n<div style=\"font-family: Calibri; text-align: justify;\"><span style=\"font-size: large;\">A inaugurare le <i>Lectio magistralis 2015<\/i> &#8211; <b>gioved\u00ec 7 maggio alle ore 19.00<\/b> &#8211; sar\u00e0 <b>Efrem Raimondi<\/b>, i cui campi d\u2019indagine sono essenzialmente il ritratto &#8211; il suo obiettivo ha colto grandi personalit\u00e0 della cultura, dello sport, della politica, della musica italiana e internazionale &#8211; e il design.\u00a0<\/span><\/div>\n<div style=\"font-family: Calibri; text-align: justify;\"><span style=\"font-size: large;\">Il compito di introdurre la serata, dal titolo <b><i>La fotografia non esiste<\/i><\/b>, sar\u00e0 affidato a <b>Raul Cremona<\/b>, comico, illusionista e attore.<\/span><\/div>\n<div style=\"font-family: Calibri; margin-bottom: 6px; text-align: justify;\"><span style=\"font-size: large;\">Gli incontri, tutti a <b>ingresso gratuito <\/b>(fino a esaurimento posti), proseguiranno <b>gioved\u00ec 21 maggio con Cesare Colombo e Giovanna Calvenzi <\/b>(<i>L&#8217;occhio come mestiere &#8211; Dialogo sui linguaggi della fotografia<\/i>), <b>gioved\u00ec 4 giugno con Fabio Bucciarelli e Stefano Citati<\/b> (<i>Il Fotogiornalismo oggi: l&#8217;eredit\u00e0 classica e il digitale<\/i>), <b>gioved\u00ec 18 giugno con Gabriele Croppi e Mariateresa Cerretelli<\/b> (<i>La Metafisica del paesaggio urbano<\/i>), <b>gioved\u00ec 2 luglio con Gian Paolo Barbieri e Maurizio Rebuzzini<\/b> (<i>Eleganza naturale<\/i>), e si chiuderanno <b>gioved\u00ec 16 luglio con Giovanni Gastel e Giuseppe Di Piazza<\/b> (<i>La rinascita della fotografia<\/i>)<span style=\"font-family: 'Times New Roman';\">.<\/span><\/span><\/div>\n<div style=\"font-family: Calibri; text-align: justify;\"><span style=\"font-size: large;\">Tutte le <i>Lectio magistralis <\/i>verranno trasmesse in diretta streaming all\u2019indirizzo <a href=\"https:\/\/www.blogger.com\/%22\"><span style=\"color: #0034ff;\">http:\/\/www.afipinternational.com<\/span><\/a><span style=\"font-family: 'Times New Roman';\">.<\/span><\/span><\/div>\n<div style=\"font-family: Calibri; margin-bottom: 6px; text-align: justify;\"><span style=\"font-size: large;\">L\u2019iniziativa <i>Lectio magistralis di fotografia e dintorni<\/i> \u00e8 promossa da AFIP International e CNA Professioni, realizzata in collaborazione con La Triennale di Milano, il Maxxi &#8211; Museo Nazionale delle Arti del XII secolo di Roma, GRIN (Gruppo Redattori Iconografici Nazionale), Milano Photofestival e con il contributo di Epson, Canon, Nikon.<\/span><\/div>\n<div style=\"font-family: Calibri; margin-bottom: 6px; text-align: justify;\"><span style=\"font-size: large;\">Oltre a ci\u00f2, l\u2019attivit\u00e0 dell\u2019<b>AFIP International<\/b> si concretizza con una serie di eventi, quali conferenze, mostre e un blog (<a href=\"http:\/\/www.afipinternational.com\/news\/\"><span style=\"color: #0034ff;\">http:\/\/afiponline.blogspot.it<\/span><\/a>) dove verranno segnalati gli eventi pi\u00f9 interessanti e saranno discussi i temi e gli argomenti legati alla fotografia e alla professione.<\/span><\/div>\n<div style=\"font-family: Calibri; margin-bottom: 6px; text-align: justify;\"><span style=\"font-size: large;\">L\u2019<b>AFIP<\/b> nasce nel 1960 da un gruppo di fotografi e vede tra i primi associati Aldo Ballo, Davide Clari, Giancolombo, Mario Dainesi, Gianni Della Valle, Luciano Ferri, Gian Greguoli, Edoardo Mari, Paolo Monti, Alfredo Pratelli, Italo Pozzi, Gian Sinigaglia, Fedele Toscani e Roberto Zabban, col proposito di rinnovare tecnicamente e culturalmente il mestiere della fotografia, difendendo la libera professione, rivolgendosi soprattutto alla produzione industriale e pubblicitaria, alla moda, all\u2019editoria.<\/span><\/div>\n<div style=\"font-family: Calibri; text-align: justify;\"><span style=\"font-size: large;\">Il nuovo direttivo dell\u2019<b>AFIP International<\/b> \u00e8 composto da Giovanni Gastel (presidente), Alfredo Pratelli (presidente onorario), Giuseppe Biancofiore (vicepresidente), Andreas Ikonomu (segretario), Sauro Sorana (tesoriere), Antonio Mecca (portavoce), Debora Barnaba, Silvia Bottino, Gianluca Cisternino, Roberto Ghislandi, Annalisa Mazzoli, Marirosa Toscani Ballo, Giovanni Mereghetti<span style=\"font-family: 'Times New Roman';\">.<\/span><\/span><\/div>\n<div style=\"font-family: 'Times New Roman'; min-height: 15px; text-align: justify;\"><span style=\"font-size: large;\">\u00a0<\/span><\/div>\n<div style=\"font-family: Calibri; text-align: justify;\"><span style=\"font-size: large;\">Milano, aprile 2015<\/span><\/div>\n<div style=\"font-family: 'Times New Roman'; text-align: justify;\"><\/div>\n<div style=\"font-family: 'Times New Roman'; min-height: 12px; text-align: justify;\"><span style=\"font-size: large;\">\u00a0<\/span><\/div>\n<div style=\"font-family: Calibri; text-align: justify;\"><span style=\"text-decoration: underline;\"><span style=\"font-size: large;\">Note biografiche<\/span><\/span><\/div>\n<div style=\"font-family: Calibri; text-align: justify;\"><span style=\"text-decoration: underline;\"><span style=\"font-size: large;\">\u00a0<\/span><\/span><\/div>\n<div style=\"font-family: Calibri; text-align: justify;\"><a style=\"clear: left; float: left; margin-bottom: 1em; margin-right: 1em;\" href=\"http:\/\/1.bp.blogspot.com\/-GyLNl-Ud-WE\/VT31cqYHsKI\/AAAAAAAAK_8\/rf9Ypub7scE\/s1600\/er_self.jpg\"><img loading=\"lazy\" decoding=\"async\" src=\"http:\/\/1.bp.blogspot.com\/-GyLNl-Ud-WE\/VT31cqYHsKI\/AAAAAAAAK_8\/rf9Ypub7scE\/s1600\/er_self.jpg\" alt=\"\" width=\"320\" height=\"240\" border=\"0\" \/><\/a><span style=\"font-size: large;\"><b>Efrem Raimondi<\/b>. Nasce a Legnano (MI), il 16 agosto 1958.<\/span><\/div>\n<div style=\"font-family: Calibri; text-align: justify;\"><span style=\"font-size: large;\">Inizia a fotografare organicamente nel 1983.Ha pubblicato per diverse riviste italiane e internazionali, tra le quali: <i>Stern, GQ, Rolling Stone It, Vanity Fair It, Interni, Abitare, Grazia, Domus, NOVA. <\/i>Ha collaborato con diverse aziende quali: Cassina, IBM, Trussardi, Prada, EMI Records. Famosi i suoi ritratti a personaggi della cultura, dell\u2019arte, della politica e dello spettacolo. Al ritratto affianca un lavoro di ricerca artistica sul paesaggio. Sue opere sono state esposte in diverse Gallerie e Musei, quali: Galleria il Diaframma, La Triennale di Milano, Accademia Carrara Galleria d\u2019Arte Moderna e Contemporanea, Museo di Arte Contemporanea Pecci di Prato, Museo Internazionale e Biblioteca della Musica di Bologna. Nel 2012 ha pubblicato, con Toni Thorimbert, il libro <i>TABULARASA<\/i> per Mondadori: 27 anni di fotografia con Vasco Rossi. \u00c8 stato membro, unico italiano, dell\u2019Hasselblad Master Jury.\u00a0<\/span><\/div>\n<div style=\"color: #0034ff; font-family: Calibri; text-align: justify;\"><span style=\"font-size: large;\"><span style=\"text-decoration: underline;\"><a href=\"http:\/\/blog.efremraimondi.it\/\">http:\/\/blog.efremraimondi.it<\/a><\/span><span style=\"color: black;\">; <a href=\"http:\/\/www.efremraimondi.it\/\">www.efremraimondi.it<\/a>\u00a0<\/span><\/span><\/div>\n<div style=\"font-family: Calibri; min-height: 13px; text-align: justify;\"><span style=\"font-size: large;\">\u00a0<\/span><\/div>\n<div style=\"font-family: Calibri; text-align: justify;\"><span style=\"font-size: large;\"><b>Raul Cremona<\/b>.\u00a0<\/span><\/div>\n<div style=\"font-family: Calibri; text-align: justify;\"><a style=\"clear: right; float: right; margin-bottom: 1em; margin-left: 1em;\" href=\"http:\/\/2.bp.blogspot.com\/-UXxV0LJnQUk\/VT31man6KrI\/AAAAAAAALAE\/TGT85gNgU4Y\/s1600\/Foto%2Bdi%2BRoberto%2BCentamore_EUG0056.jpeg\"><img loading=\"lazy\" decoding=\"async\" src=\"http:\/\/2.bp.blogspot.com\/-UXxV0LJnQUk\/VT31man6KrI\/AAAAAAAALAE\/TGT85gNgU4Y\/s1600\/Foto%2Bdi%2BRoberto%2BCentamore_EUG0056.jpeg\" alt=\"\" width=\"212\" height=\"320\" border=\"0\" \/><\/a><span style=\"font-size: large;\">Raul Cremona nasce come prestigiatore e molto giovane si accosta al mondo night.<\/span><\/div>\n<div style=\"font-family: Calibri; text-align: justify;\"><span style=\"font-size: large;\">Ben presto, per\u00f2, si avvicina al mondo del cabaret e dopo aver maturato una buona esperienza nei locali storici di Milano, come il Derby, il C\u00e0 Bianca e lo Zelig, si cimenta con la comicit\u00e0 e la parodia, inventando personaggi come il dissacrante Mago Oronzo, il timido e tenero Manipolini, Silvano il Mago di Milano emulo catastrofico del vero Mago Silvan, fino ad arrivare alle maschere pi\u00f9 recenti, dal giovane attore Jacopo al noto maschilista impenitente Omen.<\/span><\/div>\n<div style=\"font-family: Calibri; text-align: justify;\"><span style=\"font-size: large;\">Utilizzando in chiave comica l\u2019arte della magia, Raul Cremona cerca di rappresentare le frustrazioni e le velleit\u00e0 del prestigiatore medio, creando personaggi buffi e dissacranti.\u00a0<\/span><\/div>\n<div style=\"font-family: Calibri; text-align: justify;\"><span style=\"font-size: large;\">Ma le sue \u201ccreature\u201d portano anche il segno della sua grande passione per il cinema comico americano e della sua esperienza di attore girovago.<\/span><\/div>\n<div style=\"font-family: Calibri; text-align: justify;\"><span style=\"font-size: large;\">Dalla met\u00e0 degli anni \u201980 Raul Cremona partecipa a numerose trasmissioni radiofoniche e televisive. All\u2019attivit\u00e0 televisiva affianca l\u2019attivit\u00e0 di palcoscenico con gli spettacoli <i>Metafisico e met\u00e0\u2026 fa schifo<\/i> (1997), <i>Sim Sala Min<\/i> (1999), <i>Sim Sala Omen<\/i> (2002, in tourn\u00e9e per tre anni consecutivi), <i>Recital<\/i> (2008). Dal 2009 al 2011 porta in teatro un nuovo allestimento dello spettacolo <i>Hocus molto pocus<\/i> (2005). Nel 2011 debutta con il nuovo spettacolo <i>Prestigi<\/i><b><i> <\/i><\/b>(2012, 2013).<\/span><\/div>\n<div style=\"font-family: Calibri; min-height: 13px; text-align: justify;\"><span style=\"font-size: large;\">\u00a0<\/span><\/div>\n<div style=\"font-family: Calibri; text-align: justify;\"><\/div>\n<div style=\"font-family: Calibri; text-align: justify;\"><b><i><span style=\"font-size: large;\">Lectio Magistralis di Fotografia e dintorni<\/span><\/i><\/b><\/div>\n<div style=\"font-family: Calibri; text-align: justify;\"><span style=\"font-size: large;\">Triennale di Milano (viale Alemagna 6)<\/span><\/div>\n<div style=\"font-family: Calibri; text-align: justify;\"><b><span style=\"font-size: large;\">Da gioved\u00ec 7 maggio a gioved\u00ec 16 luglio 2015, ore 19.00<\/span><\/b><\/div>\n<div style=\"font-family: Calibri; text-align: justify;\"><span style=\"font-size: large;\"><b>Ingresso gratuito <\/b>(fino esaurimento dei posti)<\/span><\/div>\n<div style=\"font-family: 'Times New Roman'; min-height: 12px; text-align: justify;\"><span style=\"font-size: large;\">\u00a0<\/span><\/div>\n<div style=\"color: #0034ff; font-family: Calibri; text-align: justify;\"><span style=\"color: black;\"><span style=\"font-size: large;\">Diretta streaming su: <a href=\"https:\/\/www.blogger.com\/%22\">http:\/\/www.afipinternational.com\/diretta-video-streaming.html<\/a>\u00a0<\/span><\/span><\/div>\n<div style=\"font-family: 'Times New Roman'; min-height: 12px; text-align: justify;\"><span style=\"font-size: large;\">\u00a0<\/span><\/div>\n<div style=\"font-family: Calibri; text-align: justify;\"><span style=\"font-size: large;\"><span style=\"text-decoration: underline;\">Programma<\/span>:<\/span><\/div>\n<div style=\"font-family: Calibri; text-align: justify;\"><span style=\"font-size: large;\">\u00a0<\/span><\/div>\n<div style=\"clear: both; text-align: center;\"><a style=\"margin-left: 1em; margin-right: 1em;\" href=\"http:\/\/4.bp.blogspot.com\/-9Jz46qwqwqs\/VT30fMpaS6I\/AAAAAAAAK_s\/mPzV7MptX7M\/s1600\/LOCANDINA%2BLECTIO%2Bprimavera%2B2015%2BDEFINITIVA3_low.jpg\"><img loading=\"lazy\" decoding=\"async\" src=\"http:\/\/4.bp.blogspot.com\/-9Jz46qwqwqs\/VT30fMpaS6I\/AAAAAAAAK_s\/mPzV7MptX7M\/s1600\/LOCANDINA%2BLECTIO%2Bprimavera%2B2015%2BDEFINITIVA3_low.jpg\" alt=\"\" width=\"464\" height=\"640\" border=\"0\" \/><\/a><\/div>\n<div style=\"font-family: Calibri; text-align: justify;\"><span style=\"font-size: large;\">\u00a0<\/span><\/div>\n<div style=\"font-family: Calibri; text-align: justify;\"><b><span style=\"font-size: large;\">Gioved\u00ec 7 maggio 2015, ore 19.00\u00a0<\/span><\/b><\/div>\n<div style=\"font-family: Calibri; text-align: justify;\"><span style=\"font-size: large;\">Efrem Raimondi e Raul Cremona<\/span><\/div>\n<div style=\"font-family: Calibri; text-align: justify;\"><i><span style=\"font-size: large;\">La fotografia non esiste<\/span><\/i><\/div>\n<div style=\"font-family: 'Times New Roman'; min-height: 12px; text-align: justify;\"><span style=\"font-size: large;\">\u00a0<\/span><\/div>\n<div style=\"font-family: Calibri; text-align: justify;\"><b><span style=\"font-size: large;\">Gioved\u00ec 21 maggio 2015,\u00a0<\/span><\/b><\/div>\n<div style=\"font-family: Calibri; text-align: justify;\"><span style=\"font-size: large;\">Cesare Colombo e Giovanna Calvenzi<\/span><\/div>\n<div style=\"font-family: Calibri; text-align: justify;\"><span style=\"font-size: large;\"><i>L&#8217;occhio come mestiere &#8211; Dialogo sui linguaggi della fotografia<\/i>)<\/span><\/div>\n<div style=\"font-family: Calibri; min-height: 13px; text-align: justify;\"><span style=\"font-size: large;\">\u00a0<\/span><\/div>\n<div style=\"font-family: Calibri; text-align: justify;\"><b><span style=\"font-size: large;\">Gioved\u00ec 4 giugno 2015, ore 19.00<\/span><\/b><\/div>\n<div style=\"font-family: Calibri; text-align: justify;\"><span style=\"font-size: large;\">Fabio Bucciarelli e Stefano Citati\u00a0<\/span><\/div>\n<div style=\"font-family: Calibri; text-align: justify;\"><i><span style=\"font-size: large;\">Il Fotogiornalismo oggi: l&#8217;eredit\u00e0 classica e il digitale<\/span><\/i><\/div>\n<div style=\"font-family: 'Times New Roman'; min-height: 12px; text-align: justify;\"><span style=\"font-size: large;\">\u00a0<\/span><\/div>\n<div style=\"font-family: Calibri; text-align: justify;\"><b><span style=\"font-size: large;\">Gioved\u00ec 18 giugno 2015, ore 19.00<\/span><\/b><\/div>\n<div style=\"font-family: Calibri; text-align: justify;\"><span style=\"font-size: large;\">Gabriele Croppi e Mariateresa Cerretelli\u00a0<\/span><\/div>\n<div style=\"font-family: Calibri; text-align: justify;\"><i><span style=\"font-size: large;\">La Metafisica del paesaggio urbano<\/span><\/i><\/div>\n<div style=\"font-family: 'Times New Roman'; min-height: 12px; text-align: justify;\"><span style=\"font-size: large;\">\u00a0<\/span><\/div>\n<div style=\"font-family: Calibri; text-align: justify;\"><b><span style=\"font-size: large;\">Gioved\u00ec 2 luglio 2015, ore 19.00<\/span><\/b><\/div>\n<div style=\"font-family: Calibri; text-align: justify;\"><span style=\"font-size: large;\">Gian Paolo Barbieri e Maurizio Rebuzzini\u00a0<\/span><\/div>\n<div style=\"font-family: Calibri; text-align: justify;\"><span style=\"font-size: large;\"><i>Eleganza naturale<\/i>\u00a0<\/span><\/div>\n<div style=\"font-family: Calibri; min-height: 13px; text-align: justify;\"><span style=\"font-size: large;\">\u00a0<\/span><\/div>\n<div style=\"font-family: Calibri; text-align: justify;\"><b><span style=\"font-size: large;\">Gioved\u00ec 16 luglio 2015, ore 19.00<\/span><\/b><\/div>\n<div style=\"font-family: Calibri; text-align: justify;\"><span style=\"font-size: large;\">Giovanni Gastel e Giuseppe Di Piazza\u00a0<\/span><\/div>\n<div style=\"font-family: Calibri; text-align: justify;\"><i><span style=\"font-size: large;\">La rinascita della fotografia<\/span><\/i><\/div>\n<div style=\"font-family: 'Times New Roman'; min-height: 12px; text-align: justify;\"><span style=\"font-size: large;\">\u00a0<\/span><\/div>\n<div style=\"font-family: 'Times New Roman'; min-height: 12px; text-align: justify;\"><span style=\"font-size: large;\">\u00a0<\/span><\/div>\n<div style=\"font-family: Calibri; text-align: justify;\"><b><span style=\"font-size: large;\">AFIP INTERNATIONAL &#8211; ASSOCIAZIONE FOTOGRAFI PROFESSIONISTI<\/span><\/b><\/div>\n<div style=\"color: #0034ff; font-family: Calibri; text-align: justify;\"><span style=\"color: black;\"><span style=\"font-size: large;\">Per informazioni: <a href=\"mailto:info@afipinternational.com\">info@afipinternational.com<\/a><\/span><\/span><\/div>\n<div style=\"color: #0034ff; font-family: Calibri; text-align: justify;\"><span style=\"color: black;\"><span style=\"font-size: large;\">Sito internet: <a href=\"http:\/\/www.afipinternational.com\/\">www.afipinternational.com<\/a><\/span><\/span><\/div>\n<div style=\"font-family: 'Times New Roman'; min-height: 12px; text-align: justify;\"><span style=\"font-size: large;\">\u00a0<\/span><\/div>\n<div style=\"font-family: Calibri; text-align: justify;\"><span style=\"text-decoration: underline;\"><b><span style=\"font-size: large;\">Ufficio stampa<\/span><\/b><\/span><\/div>\n<div style=\"font-family: Calibri; text-align: justify;\"><b><span style=\"font-size: large;\">CLP Relazioni Pubbliche\u00a0<\/span><\/b><\/div>\n<div style=\"font-family: Calibri; text-align: justify;\"><span style=\"font-size: large;\">Francesco Sala, tel. 02 36 755 700<\/span><\/div>\n<div style=\"color: #0034ff; font-family: Calibri; text-align: justify;\"><span style=\"font-size: large;\"><span style=\"text-decoration: underline;\"><a href=\"mailto:francesco.sala@clponline.it\">francesco.sala@clponline.it<\/a><\/span><span style=\"color: black;\">; <a href=\"https:\/\/www.blogger.com\/%22\">www.clponline.it<\/a><\/span><\/span><\/div>\n<div style=\"font-family: 'Times New Roman'; min-height: 12px; text-align: justify;\"><span style=\"font-size: large;\"><b><\/b><br \/>\n<\/span><\/div>\n<div style=\"clear: both; text-align: center;\"><\/div>\n<div style=\"font-family: Calibri; text-align: justify;\"><span style=\"font-size: large;\"><b>Comunicato stampa e immagini su <\/b><span style=\"color: #0034ff;\"><b><a href=\"http:\/\/www.clponline.it\/\">www.clponline.it<\/a><\/b><\/span><\/span><\/div>\n<div><span style=\"color: #0034ff;\"><span style=\"font-size: large;\">\u00a0<\/span><\/span><\/div>\n<p>&nbsp;<\/p>\n","protected":false},"excerpt":{"rendered":"<p>AFIP INTERNATIONAL LA PRIMAVERA DELLA FOTOGRAFIA DA GIOVED\u00cc 7 MAGGIO 2015, ore 19.00 ALLA TRIENNALE DI MILANO TORNANO LE LECTIO MAGISTRALIS DEI PI\u00d9 IMPORTANTI FOTOGRAFI ITALIANI \u00a0 A inaugurare il nuovo ciclo d\u2019incontri sar\u00e0 EFREM RAIMONDI, introdotto da RAUL CREMONA. Per l\u2019occasione, sar\u00e0 presentato il nuovo logo e la nuova immagine coordinata di Afip international creati da Interbrand. Le Lectio Magistralis sono organizzate dall\u2019AFIP International &#8211; Associazione Fotografi Professionisti in collaborazione con CNA Professioni Alla Triennale di Milano sboccia la primavera della fotografia.\u00a0 Da gioved\u00ec 7 maggio 2015, tornano le Lectio Magistralis, la serie d\u2019incontri con i pi\u00f9 importanti fotografi italiani, organizzato dall\u2019AFIP International &#8211; Associazione Fotografi Professionisti in collaborazione con CNA Professioni. Giunte al loro quinto ciclo, le Lectio Magistralis hanno saputo incontrare il gradimento del pubblico degli appassionati di fotografia al punto da diventare uno degli eventi milanesi pi\u00f9 attesi della stagione. Il nuovo calendario di appuntamenti \u00e8 anche l\u2019occasione per AFIP International di presentare il nuovo sito www.afipinternational.com e il nuovo logo e la nuova immagine coordinata, creati da Interbrand.\u00a0 Nell\u2019ambito di un progetto di rinnovamento AFIP International ha affidato a Interbrand il compito di ideare e sviluppare una nuova identit\u00e0 visiva che potesse trasmettere i valori di esperienza, professionalit\u00e0, arte e condivisione che da la sempre caratterizzano. Per la creazione dell\u2019identit\u00e0 visiva Interbrand si \u00e8 ispirata al concetto di fotografia e alle sue molteplici interpretazioni. Ha rielaborato un simbolo della fotografia analogica, la pellicola, reinterpretandola con un\u2019innovativa texture dal sapore contemporaneo e digitale. Il legame tra passato, presente e futuro \u00e8 sottolineato anche da un elegante gioco di ombre, riflessi e colori.\u00a0 \u00a0 A inaugurare le Lectio magistralis 2015 &#8211; gioved\u00ec 7 maggio alle ore 19.00 &#8211; sar\u00e0 Efrem Raimondi, i cui campi d\u2019indagine sono essenzialmente il ritratto &#8211; il suo obiettivo ha colto grandi personalit\u00e0 della cultura, dello sport, della politica, della musica italiana e internazionale &#8211; e il design.\u00a0 Il compito di introdurre la serata, dal titolo La fotografia non esiste, sar\u00e0 affidato a Raul Cremona, comico, illusionista e attore. Gli incontri, tutti a ingresso gratuito (fino a esaurimento posti), proseguiranno gioved\u00ec 21 maggio con Cesare Colombo e Giovanna Calvenzi (L&#8217;occhio come mestiere &#8211; Dialogo sui linguaggi della fotografia), gioved\u00ec 4 giugno con Fabio Bucciarelli e Stefano Citati (Il Fotogiornalismo oggi: l&#8217;eredit\u00e0 classica e il digitale), gioved\u00ec 18 giugno con Gabriele Croppi e Mariateresa Cerretelli (La Metafisica del paesaggio urbano), gioved\u00ec 2 luglio con Gian Paolo Barbieri e Maurizio Rebuzzini (Eleganza naturale), e si chiuderanno gioved\u00ec 16 luglio con Giovanni Gastel e Giuseppe Di Piazza (La rinascita della fotografia). Tutte le Lectio magistralis verranno trasmesse in diretta streaming all\u2019indirizzo http:\/\/www.afipinternational.com. L\u2019iniziativa Lectio magistralis di fotografia e dintorni \u00e8 promossa da AFIP International e CNA Professioni, realizzata in collaborazione con La Triennale di Milano, il Maxxi &#8211; Museo Nazionale delle Arti del XII secolo di Roma, GRIN (Gruppo Redattori Iconografici Nazionale), Milano Photofestival e con il contributo di Epson, Canon, Nikon. Oltre a ci\u00f2, l\u2019attivit\u00e0 dell\u2019AFIP International si concretizza con una serie di eventi, quali conferenze, mostre e un blog (http:\/\/afiponline.blogspot.it) dove verranno segnalati gli eventi pi\u00f9 interessanti e saranno discussi i temi e gli argomenti legati alla fotografia e alla professione. L\u2019AFIP nasce nel 1960 da un gruppo di fotografi e vede tra i primi associati Aldo Ballo, Davide Clari, Giancolombo, Mario Dainesi, Gianni Della Valle, Luciano Ferri, Gian Greguoli, Edoardo Mari, Paolo Monti, Alfredo Pratelli, Italo Pozzi, Gian Sinigaglia, Fedele Toscani e Roberto Zabban, col proposito di rinnovare tecnicamente e culturalmente il mestiere della fotografia, difendendo la libera professione, rivolgendosi soprattutto alla produzione industriale e pubblicitaria, alla moda, all\u2019editoria. Il nuovo direttivo dell\u2019AFIP International \u00e8 composto da Giovanni Gastel (presidente), Alfredo Pratelli (presidente onorario), Giuseppe Biancofiore (vicepresidente), Andreas Ikonomu (segretario), Sauro Sorana (tesoriere), Antonio Mecca (portavoce), Debora Barnaba, Silvia Bottino, Gianluca Cisternino, Roberto Ghislandi, Annalisa Mazzoli, Marirosa Toscani Ballo, Giovanni Mereghetti. \u00a0 Milano, aprile 2015 \u00a0 Note biografiche \u00a0 Efrem Raimondi. Nasce a Legnano (MI), il 16 agosto 1958. Inizia a fotografare organicamente nel 1983.Ha pubblicato per diverse riviste italiane e internazionali, tra le quali: Stern, GQ, Rolling Stone It, Vanity Fair It, Interni, Abitare, Grazia, Domus, NOVA. Ha collaborato con diverse aziende quali: Cassina, IBM, Trussardi, Prada, EMI Records. Famosi i suoi ritratti a personaggi della cultura, dell\u2019arte, della politica e dello spettacolo. Al ritratto affianca un lavoro di ricerca artistica sul paesaggio. Sue opere sono state esposte in diverse Gallerie e Musei, quali: Galleria il Diaframma, La Triennale di Milano, Accademia Carrara Galleria d\u2019Arte Moderna e Contemporanea, Museo di Arte Contemporanea Pecci di Prato, Museo Internazionale e Biblioteca della Musica di Bologna. Nel 2012 ha pubblicato, con Toni Thorimbert, il libro TABULARASA per Mondadori: 27 anni di fotografia con Vasco Rossi. \u00c8 stato membro, unico italiano, dell\u2019Hasselblad Master Jury.\u00a0 http:\/\/blog.efremraimondi.it; www.efremraimondi.it\u00a0 \u00a0 Raul Cremona.\u00a0 Raul Cremona nasce come prestigiatore e molto giovane si accosta al mondo night. Ben presto, per\u00f2, si avvicina al mondo del cabaret e dopo aver maturato una buona esperienza nei locali storici di Milano, come il Derby, il C\u00e0 Bianca e lo Zelig, si cimenta con la comicit\u00e0 e la parodia, inventando personaggi come il dissacrante Mago Oronzo, il timido e tenero Manipolini, Silvano il Mago di Milano emulo catastrofico del vero Mago Silvan, fino ad arrivare alle maschere pi\u00f9 recenti, dal giovane attore Jacopo al noto maschilista impenitente Omen. Utilizzando in chiave comica l\u2019arte della magia, Raul Cremona cerca di rappresentare le frustrazioni e le velleit\u00e0 del prestigiatore medio, creando personaggi buffi e dissacranti.\u00a0 Ma le sue \u201ccreature\u201d portano anche il segno della sua grande passione per il cinema comico americano e della sua esperienza di attore girovago. Dalla met\u00e0 degli anni \u201980 Raul Cremona partecipa a numerose trasmissioni radiofoniche e televisive. All\u2019attivit\u00e0 televisiva affianca l\u2019attivit\u00e0 di palcoscenico con gli spettacoli Metafisico e met\u00e0\u2026 fa schifo (1997), Sim Sala Min (1999), Sim Sala Omen (2002, in tourn\u00e9e per tre anni consecutivi), Recital (2008). Dal 2009 al 2011 porta in teatro un nuovo allestimento dello spettacolo Hocus molto pocus (2005). Nel 2011 debutta con il nuovo [&hellip;]<\/p>\n","protected":false},"author":1,"featured_media":773,"comment_status":"open","ping_status":"open","sticky":false,"template":"","format":"image","meta":{"ngg_post_thumbnail":0,"footnotes":""},"categories":[2,5],"tags":[],"class_list":["post-519","post","type-post","status-publish","format-image","has-post-thumbnail","hentry","category-fotografi","category-lectiomagistralis","post_format-post-format-image"],"_links":{"self":[{"href":"https:\/\/www.afipinternational.com\/news\/wp-json\/wp\/v2\/posts\/519","targetHints":{"allow":["GET"]}}],"collection":[{"href":"https:\/\/www.afipinternational.com\/news\/wp-json\/wp\/v2\/posts"}],"about":[{"href":"https:\/\/www.afipinternational.com\/news\/wp-json\/wp\/v2\/types\/post"}],"author":[{"embeddable":true,"href":"https:\/\/www.afipinternational.com\/news\/wp-json\/wp\/v2\/users\/1"}],"replies":[{"embeddable":true,"href":"https:\/\/www.afipinternational.com\/news\/wp-json\/wp\/v2\/comments?post=519"}],"version-history":[{"count":3,"href":"https:\/\/www.afipinternational.com\/news\/wp-json\/wp\/v2\/posts\/519\/revisions"}],"predecessor-version":[{"id":774,"href":"https:\/\/www.afipinternational.com\/news\/wp-json\/wp\/v2\/posts\/519\/revisions\/774"}],"wp:featuredmedia":[{"embeddable":true,"href":"https:\/\/www.afipinternational.com\/news\/wp-json\/wp\/v2\/media\/773"}],"wp:attachment":[{"href":"https:\/\/www.afipinternational.com\/news\/wp-json\/wp\/v2\/media?parent=519"}],"wp:term":[{"taxonomy":"category","embeddable":true,"href":"https:\/\/www.afipinternational.com\/news\/wp-json\/wp\/v2\/categories?post=519"},{"taxonomy":"post_tag","embeddable":true,"href":"https:\/\/www.afipinternational.com\/news\/wp-json\/wp\/v2\/tags?post=519"}],"curies":[{"name":"wp","href":"https:\/\/api.w.org\/{rel}","templated":true}]}}