{"id":2969,"date":"2025-05-21T15:41:21","date_gmt":"2025-05-21T13:41:21","guid":{"rendered":"https:\/\/www.afipinternational.com\/news\/?p=2969"},"modified":"2025-05-21T15:41:21","modified_gmt":"2025-05-21T13:41:21","slug":"catalogo-mia-photo-fair-2025-fotografia-in-diaologo","status":"publish","type":"post","link":"https:\/\/www.afipinternational.com\/news\/2025\/05\/21\/catalogo-mia-photo-fair-2025-fotografia-in-diaologo\/","title":{"rendered":"Catalogo MIA PHOTO FAIR 2025 &#8211; Fotografia in diaologo"},"content":{"rendered":"<div class=\"real3dflipbook\" id=\"7_69f29766caa2d\" style=\"position:absolute;\"><\/div>\n<h4><strong>FOTOGRAFIA IN DIALOGO<\/strong><\/h4>\n<p>di Patrizia Genovesi<\/p>\n<p>I fotografi dell\u2019AFIP sono osservatori e narratori del mutamento, capaci<br \/>\ndi catturare tanto le trasformazioni pi\u00f9 sottili quanto quelle pi\u00f9 evidenti.<br \/>\nUniscono ricerca artistica e documentazione, andando oltre la fotografia<br \/>\ncommerciale per imprimere nelle loro opere una firma stilistica distintiva.<br \/>\nCon impegno e passione, contribuiscono a raccontare il mondo attraverso<br \/>\nprospettive uniche e ricercate.<\/p>\n<p>Il dialogo \u00e8 il filo invisibile che unisce il fotografo al mondo, lo sguardo<br \/>\nall\u2019oggetto, l\u2019osservatore all\u2019immagine. Non \u00e8 solo scambio di parole,<br \/>\nma riconoscimento, interpretazione, trasformazione. Ogni fotografia \u00e8 un<br \/>\ndialogo sospeso tra istante e memoria, tra ci\u00f2 che viene catturato e ci\u00f2 che<br \/>\nviene visto, tra l\u2019intenzione dell\u2019autore e la percezione di chi osserva.<\/p>\n<p>Il lavoro di AFIP raccoglie questa pluralit\u00e0 di voci visive, una sinfonia di<br \/>\nprospettive che si confrontano tra fotografia realista e visioni astratte, tra<br \/>\nil rigore del reportage e l\u2019esplorazione artistica della forma. \u00c8 un dialogo<br \/>\nche si esprime nei contrasti e nelle sfumature, nel ritmo delle immagini che<br \/>\nsi susseguono, ognuna con la propria intensit\u00e0, ognuna con la propria<br \/>\nprospettiva.<\/p>\n<p>Fotografare significa dare forma alla risonanza tra il mondo e chi lo osserva,<br \/>\ntra la realt\u00e0 e l\u2019immaginazione. Il ritmo della luce, il bilanciamento del colore,<br \/>\nl\u2019equilibrio delle composizioni: tutto converge per costruire una narrazione<br \/>\nvisiva che non si limita a mostrare, ma interroga, invita, mette in discussione.<\/p>\n<p>Il fotografo non \u00e8 solo un testimone del mutamento, ma un suo interprete.<br \/>\nIn ogni scatto c\u2019\u00e8 la tensione tra equilibrio e cambiamento, tra la stabilit\u00e0<br \/>\ndell\u2019istante e la velocit\u00e0 della trasformazione.<\/p>\n<p>Il dialogo dell\u2019immagine non \u00e8 mai neutro: pu\u00f2 includere o escludere, pu\u00f2<br \/>\nrivelare o manipolare, pu\u00f2 unire o polarizzare. Partecipare a questa mostra<br \/>\nsignifica immergersi in una molteplicit\u00e0 di visioni che si intrecciano e si<br \/>\nsfidano. \u00c8 un invito ad ascoltare il linguaggio silenzioso della fotografia, a<br \/>\nriconoscere che ogni immagine \u00e8 un punto di contatto, un frammento di<br \/>\nrealt\u00e0 che attende di essere accolto, interpretato, vissuto.<\/p>\n","protected":false},"excerpt":{"rendered":"<p>FOTOGRAFIA IN DIALOGO di Patrizia Genovesi I fotografi dell\u2019AFIP sono osservatori e narratori del mutamento, capaci di catturare tanto le trasformazioni pi\u00f9 sottili quanto quelle pi\u00f9 evidenti. Uniscono ricerca artistica e documentazione, andando oltre la fotografia commerciale per imprimere nelle loro opere una firma stilistica distintiva. Con impegno e passione, contribuiscono a raccontare il mondo attraverso prospettive uniche e ricercate. Il dialogo \u00e8 il filo invisibile che unisce il fotografo al mondo, lo sguardo all\u2019oggetto, l\u2019osservatore all\u2019immagine. Non \u00e8 solo scambio di parole, ma riconoscimento, interpretazione, trasformazione. Ogni fotografia \u00e8 un dialogo sospeso tra istante e memoria, tra ci\u00f2 che viene catturato e ci\u00f2 che viene visto, tra l\u2019intenzione dell\u2019autore e la percezione di chi osserva. Il lavoro di AFIP raccoglie questa pluralit\u00e0 di voci visive, una sinfonia di prospettive che si confrontano tra fotografia realista e visioni astratte, tra il rigore del reportage e l\u2019esplorazione artistica della forma. \u00c8 un dialogo che si esprime nei contrasti e nelle sfumature, nel ritmo delle immagini che si susseguono, ognuna con la propria intensit\u00e0, ognuna con la propria prospettiva. Fotografare significa dare forma alla risonanza tra il mondo e chi lo osserva, tra la realt\u00e0 e l\u2019immaginazione. Il ritmo della luce, il bilanciamento del colore, l\u2019equilibrio delle composizioni: tutto converge per costruire una narrazione visiva che non si limita a mostrare, ma interroga, invita, mette in discussione. Il fotografo non \u00e8 solo un testimone del mutamento, ma un suo interprete. In ogni scatto c\u2019\u00e8 la tensione tra equilibrio e cambiamento, tra la stabilit\u00e0 dell\u2019istante e la velocit\u00e0 della trasformazione. Il dialogo dell\u2019immagine non \u00e8 mai neutro: pu\u00f2 includere o escludere, pu\u00f2 rivelare o manipolare, pu\u00f2 unire o polarizzare. Partecipare a questa mostra significa immergersi in una molteplicit\u00e0 di visioni che si intrecciano e si sfidano. \u00c8 un invito ad ascoltare il linguaggio silenzioso della fotografia, a riconoscere che ogni immagine \u00e8 un punto di contatto, un frammento di realt\u00e0 che attende di essere accolto, interpretato, vissuto.<\/p>\n","protected":false},"author":1,"featured_media":2971,"comment_status":"closed","ping_status":"closed","sticky":false,"template":"","format":"standard","meta":{"ngg_post_thumbnail":0,"footnotes":""},"categories":[198,4,200],"tags":[],"class_list":["post-2969","post","type-post","status-publish","format-standard","has-post-thumbnail","hentry","category-eventi","category-mostre","category-news"],"_links":{"self":[{"href":"https:\/\/www.afipinternational.com\/news\/wp-json\/wp\/v2\/posts\/2969","targetHints":{"allow":["GET"]}}],"collection":[{"href":"https:\/\/www.afipinternational.com\/news\/wp-json\/wp\/v2\/posts"}],"about":[{"href":"https:\/\/www.afipinternational.com\/news\/wp-json\/wp\/v2\/types\/post"}],"author":[{"embeddable":true,"href":"https:\/\/www.afipinternational.com\/news\/wp-json\/wp\/v2\/users\/1"}],"replies":[{"embeddable":true,"href":"https:\/\/www.afipinternational.com\/news\/wp-json\/wp\/v2\/comments?post=2969"}],"version-history":[{"count":1,"href":"https:\/\/www.afipinternational.com\/news\/wp-json\/wp\/v2\/posts\/2969\/revisions"}],"predecessor-version":[{"id":2970,"href":"https:\/\/www.afipinternational.com\/news\/wp-json\/wp\/v2\/posts\/2969\/revisions\/2970"}],"wp:featuredmedia":[{"embeddable":true,"href":"https:\/\/www.afipinternational.com\/news\/wp-json\/wp\/v2\/media\/2971"}],"wp:attachment":[{"href":"https:\/\/www.afipinternational.com\/news\/wp-json\/wp\/v2\/media?parent=2969"}],"wp:term":[{"taxonomy":"category","embeddable":true,"href":"https:\/\/www.afipinternational.com\/news\/wp-json\/wp\/v2\/categories?post=2969"},{"taxonomy":"post_tag","embeddable":true,"href":"https:\/\/www.afipinternational.com\/news\/wp-json\/wp\/v2\/tags?post=2969"}],"curies":[{"name":"wp","href":"https:\/\/api.w.org\/{rel}","templated":true}]}}