{"id":2921,"date":"2024-04-10T17:34:58","date_gmt":"2024-04-10T15:34:58","guid":{"rendered":"https:\/\/www.afipinternational.com\/news\/?p=2921"},"modified":"2024-04-10T17:48:18","modified_gmt":"2024-04-10T15:48:18","slug":"mia-photo-fair-2024-the-international-photography-art-fair-in-italy","status":"publish","type":"post","link":"https:\/\/www.afipinternational.com\/news\/2024\/04\/10\/mia-photo-fair-2024-the-international-photography-art-fair-in-italy\/","title":{"rendered":"MIA PHOTO FAIR 2024 &#8211; THE INTERNATIONAL PHOTOGRAPHY ART FAIR IN ITALY"},"content":{"rendered":"<p style=\"text-align: center;\"><code><div class=\"real3dflipbook\" id=\"6_69f5bad7eb436\" style=\"position:absolute;\"><\/div><\/code><\/p>\n<p>&nbsp;<\/p>\n<p><strong>Fotografi del cambiamento<\/strong><br \/>\ndi Patrizia Genovesi<\/p>\n<p>L\u2019AFIP continua a valorizzare la fotografia con una vasta esibizione di<br \/>\nopere scelte da vari fotografi dai loro archivi, coprendo un ampio spettro<br \/>\ndi argomenti. Si nota subito la diversit\u00e0 sia nei soggetti che negli stili,<br \/>\nriflettendo le diverse inclinazioni artistiche dei creatori.<br \/>\nLa mostra abbraccia sia la fotografia realista, che spazia dal reportage al<br \/>\npaesaggio urbano, sia quella pi\u00f9 astratta o surreale, includendo anche<br \/>\nil ritratto e l\u2019esplorazione delle forme. Questa variet\u00e0 illustra le ampie<br \/>\ncapacit\u00e0 espressive della fotografia e incarna lo spirito dell\u2019AFIP, che<br \/>\nunisce fotografi di vari orientamenti espressivi. Guardare queste opere<br \/>\nrivela la ricca variet\u00e0 di interpretazioni possibili con la fotografia.<br \/>\nNon \u00e8 fattibile dettagliare qui ogni opera, tuttavia l\u2019autenticit\u00e0 e lo stile<br \/>\npersonale degli autori elevano queste immagini oltre il loro intento originale,<br \/>\ntrasformandole in manifestazioni di creativit\u00e0 individuale.<br \/>\nQuesto fenomeno sottolinea un tema ricorrente: il fotografo professionista<br \/>\naspira a oltrepassare la produzione standard commerciale, cercando di<br \/>\ninfondere nelle proprie opere una firma stilistica distintiva che le distingue<br \/>\ncome espressioni artistiche ricercate.<br \/>\nAgenti e testimoni del mutamento, coscienti di una rivoluzione accelerata<br \/>\nche investe ogni creatura spingendola a trasformarsi, imponendo<br \/>\nl\u2019adattamento per persistere, noi fotografi siamo chiamati a documentare<br \/>\nquesto processo. Abbiamo il compito e il desiderio di catturare tanto le pi\u00f9<br \/>\nsottili quanto le pi\u00f9 vistose manifestazioni del mutamento.<br \/>\nIn qualit\u00e0 di osservatori e protagonisti di queste dinamiche e al loro<br \/>\nservizio, ci dedichiamo a svelare e favorire il progresso, a denunciare e<br \/>\nnarrare storie.<br \/>\nDa pi\u00f9 di quindici anni, in prima linea con l\u2019AFIP, oggi contribuiamo al MIA<br \/>\ncon impegno e passione.<\/p>\n","protected":false},"excerpt":{"rendered":"<p>&nbsp; Fotografi del cambiamento di Patrizia Genovesi L\u2019AFIP continua a valorizzare la fotografia con una vasta esibizione di opere scelte da vari fotografi dai loro archivi, coprendo un ampio spettro di argomenti. Si nota subito la diversit\u00e0 sia nei soggetti che negli stili, riflettendo le diverse inclinazioni artistiche dei creatori. La mostra abbraccia sia la fotografia realista, che spazia dal reportage al paesaggio urbano, sia quella pi\u00f9 astratta o surreale, includendo anche il ritratto e l\u2019esplorazione delle forme. Questa variet\u00e0 illustra le ampie capacit\u00e0 espressive della fotografia e incarna lo spirito dell\u2019AFIP, che unisce fotografi di vari orientamenti espressivi. Guardare queste opere rivela la ricca variet\u00e0 di interpretazioni possibili con la fotografia. Non \u00e8 fattibile dettagliare qui ogni opera, tuttavia l\u2019autenticit\u00e0 e lo stile personale degli autori elevano queste immagini oltre il loro intento originale, trasformandole in manifestazioni di creativit\u00e0 individuale. Questo fenomeno sottolinea un tema ricorrente: il fotografo professionista aspira a oltrepassare la produzione standard commerciale, cercando di infondere nelle proprie opere una firma stilistica distintiva che le distingue come espressioni artistiche ricercate. Agenti e testimoni del mutamento, coscienti di una rivoluzione accelerata che investe ogni creatura spingendola a trasformarsi, imponendo l\u2019adattamento per persistere, noi fotografi siamo chiamati a documentare questo processo. Abbiamo il compito e il desiderio di catturare tanto le pi\u00f9 sottili quanto le pi\u00f9 vistose manifestazioni del mutamento. In qualit\u00e0 di osservatori e protagonisti di queste dinamiche e al loro servizio, ci dedichiamo a svelare e favorire il progresso, a denunciare e narrare storie. Da pi\u00f9 di quindici anni, in prima linea con l\u2019AFIP, oggi contribuiamo al MIA con impegno e passione.<\/p>\n","protected":false},"author":1,"featured_media":2923,"comment_status":"closed","ping_status":"closed","sticky":false,"template":"","format":"standard","meta":{"ngg_post_thumbnail":0,"footnotes":""},"categories":[198,4],"tags":[],"class_list":["post-2921","post","type-post","status-publish","format-standard","has-post-thumbnail","hentry","category-eventi","category-mostre"],"_links":{"self":[{"href":"https:\/\/www.afipinternational.com\/news\/wp-json\/wp\/v2\/posts\/2921","targetHints":{"allow":["GET"]}}],"collection":[{"href":"https:\/\/www.afipinternational.com\/news\/wp-json\/wp\/v2\/posts"}],"about":[{"href":"https:\/\/www.afipinternational.com\/news\/wp-json\/wp\/v2\/types\/post"}],"author":[{"embeddable":true,"href":"https:\/\/www.afipinternational.com\/news\/wp-json\/wp\/v2\/users\/1"}],"replies":[{"embeddable":true,"href":"https:\/\/www.afipinternational.com\/news\/wp-json\/wp\/v2\/comments?post=2921"}],"version-history":[{"count":3,"href":"https:\/\/www.afipinternational.com\/news\/wp-json\/wp\/v2\/posts\/2921\/revisions"}],"predecessor-version":[{"id":2927,"href":"https:\/\/www.afipinternational.com\/news\/wp-json\/wp\/v2\/posts\/2921\/revisions\/2927"}],"wp:featuredmedia":[{"embeddable":true,"href":"https:\/\/www.afipinternational.com\/news\/wp-json\/wp\/v2\/media\/2923"}],"wp:attachment":[{"href":"https:\/\/www.afipinternational.com\/news\/wp-json\/wp\/v2\/media?parent=2921"}],"wp:term":[{"taxonomy":"category","embeddable":true,"href":"https:\/\/www.afipinternational.com\/news\/wp-json\/wp\/v2\/categories?post=2921"},{"taxonomy":"post_tag","embeddable":true,"href":"https:\/\/www.afipinternational.com\/news\/wp-json\/wp\/v2\/tags?post=2921"}],"curies":[{"name":"wp","href":"https:\/\/api.w.org\/{rel}","templated":true}]}}