{"id":2851,"date":"2022-05-23T09:25:18","date_gmt":"2022-05-23T07:25:18","guid":{"rendered":"http:\/\/www.afipinternational.com\/news\/?p=2851"},"modified":"2022-05-23T09:26:28","modified_gmt":"2022-05-23T07:26:28","slug":"24-maggio-2022-ore-1830-una-fotografia-molte-storie-incontro-con-renato-marcialis","status":"publish","type":"post","link":"https:\/\/www.afipinternational.com\/news\/2022\/05\/23\/24-maggio-2022-ore-1830-una-fotografia-molte-storie-incontro-con-renato-marcialis\/","title":{"rendered":"24 maggio 2022 ore 18,30 &#8211; Una fotografia, molte storie: incontro con Renato Marcialis"},"content":{"rendered":"<p>Proseguono gli incontri organizzati da AFIP International (Associazione Fotografi Professionisti Italiani) e GRIN (Gruppo Redattori Iconografici Nazionale) per la serie \u201cUna fotografia, molte storie\u201d durante i quali si chiede a noti fotografi e fotografe di raccontare e commentare una fotografia che riveste particolari significati per gli autori.<br \/>\nIl prossimo incontro \u2212 che si svolger\u00e0 marted\u00ec 24 maggio alle ore 18,30 e sar\u00e0 visibile in diretta Facebook e YouTube \u2212 sar\u00e0 con Renato Marcialis, fotografo di food, che da molti anni collabora con aziende alimentari realizzando i loro cataloghi, i ricettari, i packaging, le campagne stampa e le affissioni. Per l\u2019occasione sar\u00e0 in dialogo con Roberto Ghislandi.<\/p>\n<p><iframe loading=\"lazy\" title=\"YouTube video player\" src=\"https:\/\/www.youtube.com\/embed\/tTIek0Q2pJ4\" allowfullscreen=\"allowfullscreen\" width=\"560\" height=\"315\" frameborder=\"0\"><\/iframe><\/p>\n","protected":false},"excerpt":{"rendered":"<p>Proseguono gli incontri organizzati da AFIP International (Associazione Fotografi Professionisti Italiani) e GRIN (Gruppo Redattori Iconografici Nazionale) per la serie \u201cUna fotografia, molte storie\u201d durante i quali si chiede a noti fotografi e fotografe di raccontare e commentare una fotografia che riveste particolari significati per gli autori. Il prossimo incontro \u2212 che si svolger\u00e0 marted\u00ec 24 maggio alle ore 18,30 e sar\u00e0 visibile in diretta Facebook e YouTube \u2212 sar\u00e0 con Renato Marcialis, fotografo di food, che da molti anni collabora con aziende alimentari realizzando i loro cataloghi, i ricettari, i packaging, le campagne stampa e le affissioni. Per l\u2019occasione sar\u00e0 in dialogo con Roberto Ghislandi.<\/p>\n","protected":false},"author":1,"featured_media":2852,"comment_status":"closed","ping_status":"closed","sticky":false,"template":"","format":"image","meta":{"ngg_post_thumbnail":0,"footnotes":""},"categories":[8,198,2],"tags":[],"class_list":["post-2851","post","type-post","status-publish","format-image","has-post-thumbnail","hentry","category-cultura","category-eventi","category-fotografi","post_format-post-format-image"],"_links":{"self":[{"href":"https:\/\/www.afipinternational.com\/news\/wp-json\/wp\/v2\/posts\/2851","targetHints":{"allow":["GET"]}}],"collection":[{"href":"https:\/\/www.afipinternational.com\/news\/wp-json\/wp\/v2\/posts"}],"about":[{"href":"https:\/\/www.afipinternational.com\/news\/wp-json\/wp\/v2\/types\/post"}],"author":[{"embeddable":true,"href":"https:\/\/www.afipinternational.com\/news\/wp-json\/wp\/v2\/users\/1"}],"replies":[{"embeddable":true,"href":"https:\/\/www.afipinternational.com\/news\/wp-json\/wp\/v2\/comments?post=2851"}],"version-history":[{"count":1,"href":"https:\/\/www.afipinternational.com\/news\/wp-json\/wp\/v2\/posts\/2851\/revisions"}],"predecessor-version":[{"id":2854,"href":"https:\/\/www.afipinternational.com\/news\/wp-json\/wp\/v2\/posts\/2851\/revisions\/2854"}],"wp:featuredmedia":[{"embeddable":true,"href":"https:\/\/www.afipinternational.com\/news\/wp-json\/wp\/v2\/media\/2852"}],"wp:attachment":[{"href":"https:\/\/www.afipinternational.com\/news\/wp-json\/wp\/v2\/media?parent=2851"}],"wp:term":[{"taxonomy":"category","embeddable":true,"href":"https:\/\/www.afipinternational.com\/news\/wp-json\/wp\/v2\/categories?post=2851"},{"taxonomy":"post_tag","embeddable":true,"href":"https:\/\/www.afipinternational.com\/news\/wp-json\/wp\/v2\/tags?post=2851"}],"curies":[{"name":"wp","href":"https:\/\/api.w.org\/{rel}","templated":true}]}}