{"id":2846,"date":"2022-05-13T10:22:54","date_gmt":"2022-05-13T08:22:54","guid":{"rendered":"http:\/\/www.afipinternational.com\/news\/?p=2846"},"modified":"2022-05-13T10:22:54","modified_gmt":"2022-05-13T08:22:54","slug":"17-05-2022-ore-1830-incontro-con-roberta-valtorta","status":"publish","type":"post","link":"https:\/\/www.afipinternational.com\/news\/2022\/05\/13\/17-05-2022-ore-1830-incontro-con-roberta-valtorta\/","title":{"rendered":"17\/05\/2022 ore 18:30 &#8211; Incontro con Roberta Valtorta"},"content":{"rendered":"<p><strong>Una fotografia, molte storie: incontro con Roberta Valtorta<\/strong><\/p>\n<p>&nbsp;<\/p>\n<p>Proseguono gli incontri organizzati da AFIP International (Associazione Fotografi Professionisti Italiani) e GRIN (Gruppo Redattori Iconografici Nazionale) per la serie \u201cUna fotografia, molte storie\u201d durante i quali si chiede a noti fotografi e fotografe di raccontare e commentare una fotografia che riveste particolari significati per gli autori.<\/p>\n<p>Il prossimo incontro \u2212 che si svolger\u00e0 marted\u00ec 17 maggio alle ore 18,30 e sar\u00e0 visibile in diretta Facebook e YouTube \u2212 sar\u00e0 con Roberta Valtorta, storica della fotografia e critico tra i pi\u00f9 apprezzati che per l\u2019occasione sar\u00e0 in dialogo con Pio Tarantini.<\/p>\n<p>Un incontro diverso perch\u00e9 la nostra graditissima ospite non \u00e8 una fotografa ma rappresenta ai massimi livelli la passione e la competenza per la materia. Ancor pi\u00f9 intrigante dunque partire da una fotografia per lei significativa ma realizzata da un altro autore\/autrice.<\/p>\n<p><iframe loading=\"lazy\" title=\"YouTube video player\" src=\"https:\/\/www.youtube.com\/embed\/x09cuPetx4c\" allowfullscreen=\"allowfullscreen\" width=\"560\" height=\"315\" frameborder=\"0\"><\/iframe><\/p>\n","protected":false},"excerpt":{"rendered":"<p>Una fotografia, molte storie: incontro con Roberta Valtorta &nbsp; Proseguono gli incontri organizzati da AFIP International (Associazione Fotografi Professionisti Italiani) e GRIN (Gruppo Redattori Iconografici Nazionale) per la serie \u201cUna fotografia, molte storie\u201d durante i quali si chiede a noti fotografi e fotografe di raccontare e commentare una fotografia che riveste particolari significati per gli autori. Il prossimo incontro \u2212 che si svolger\u00e0 marted\u00ec 17 maggio alle ore 18,30 e sar\u00e0 visibile in diretta Facebook e YouTube \u2212 sar\u00e0 con Roberta Valtorta, storica della fotografia e critico tra i pi\u00f9 apprezzati che per l\u2019occasione sar\u00e0 in dialogo con Pio Tarantini. Un incontro diverso perch\u00e9 la nostra graditissima ospite non \u00e8 una fotografa ma rappresenta ai massimi livelli la passione e la competenza per la materia. Ancor pi\u00f9 intrigante dunque partire da una fotografia per lei significativa ma realizzata da un altro autore\/autrice.<\/p>\n","protected":false},"author":1,"featured_media":2847,"comment_status":"closed","ping_status":"closed","sticky":false,"template":"","format":"image","meta":{"ngg_post_thumbnail":0,"footnotes":""},"categories":[8,198,2],"tags":[],"class_list":["post-2846","post","type-post","status-publish","format-image","has-post-thumbnail","hentry","category-cultura","category-eventi","category-fotografi","post_format-post-format-image"],"_links":{"self":[{"href":"https:\/\/www.afipinternational.com\/news\/wp-json\/wp\/v2\/posts\/2846","targetHints":{"allow":["GET"]}}],"collection":[{"href":"https:\/\/www.afipinternational.com\/news\/wp-json\/wp\/v2\/posts"}],"about":[{"href":"https:\/\/www.afipinternational.com\/news\/wp-json\/wp\/v2\/types\/post"}],"author":[{"embeddable":true,"href":"https:\/\/www.afipinternational.com\/news\/wp-json\/wp\/v2\/users\/1"}],"replies":[{"embeddable":true,"href":"https:\/\/www.afipinternational.com\/news\/wp-json\/wp\/v2\/comments?post=2846"}],"version-history":[{"count":1,"href":"https:\/\/www.afipinternational.com\/news\/wp-json\/wp\/v2\/posts\/2846\/revisions"}],"predecessor-version":[{"id":2849,"href":"https:\/\/www.afipinternational.com\/news\/wp-json\/wp\/v2\/posts\/2846\/revisions\/2849"}],"wp:featuredmedia":[{"embeddable":true,"href":"https:\/\/www.afipinternational.com\/news\/wp-json\/wp\/v2\/media\/2847"}],"wp:attachment":[{"href":"https:\/\/www.afipinternational.com\/news\/wp-json\/wp\/v2\/media?parent=2846"}],"wp:term":[{"taxonomy":"category","embeddable":true,"href":"https:\/\/www.afipinternational.com\/news\/wp-json\/wp\/v2\/categories?post=2846"},{"taxonomy":"post_tag","embeddable":true,"href":"https:\/\/www.afipinternational.com\/news\/wp-json\/wp\/v2\/tags?post=2846"}],"curies":[{"name":"wp","href":"https:\/\/api.w.org\/{rel}","templated":true}]}}