{"id":1223,"date":"2017-01-18T15:53:34","date_gmt":"2017-01-18T14:53:34","guid":{"rendered":"http:\/\/www.afipinternational.com\/news\/?p=1223"},"modified":"2017-01-18T15:53:34","modified_gmt":"2017-01-18T14:53:34","slug":"al-maxxi-il-26-e-29-gennaio-2017","status":"publish","type":"post","link":"https:\/\/www.afipinternational.com\/news\/2017\/01\/18\/al-maxxi-il-26-e-29-gennaio-2017\/","title":{"rendered":"Al MAXXI il 26 e 29 Gennaio 2017"},"content":{"rendered":"<p>LECTIO MAGISTRALIS DI FOTOGRAFIA<br \/>\nCiclo di incontri con grandi fotografi italiani<\/p>\n<p>Gioved\u00ec 26 gennaio, ore 18.00<br \/>\nSETTIMIO BENEDUSI<br \/>\nin conversazione con SATURNINO CELANI<\/p>\n<p>Domenica 29 gennaio, ore 18.00<br \/>\nPIERO GEMELLI<br \/>\nin conversazione con GIOVANNI GASTEL<br \/>\ne ANTONIO MANCINELLI<\/p>\n<p>Auditorium del MAXXI | ingresso 5 \u20ac \u2013 gratuito per i possessori della card myMAXXI<br \/>\nwww.fondazionemaxxi.it<\/p>\n<p>Roma 16 gennaio 2017. MAXXI, AFIP &#8211;\u00a0 Associazione Fotografi Professionisti e Altaroma insieme per presentare LECTIO MAGISTRALIS DI FOTOGRAFIA una serie di incontri tra arte e moda con grandi protagonisti della fotografia italiana.<\/p>\n<p>Primo appuntamento gioved\u00ec 26 gennaio alle ore 18.00 (Auditorium del MAXXI, ingresso 5 \u20ac &#8211; gratuito per i possessori della card myMAXXI) in occasione dell\u2019edizione gennaio 2017 di Altaroma, con due protagonisti d\u2019eccezione: il fotografo, pubblicista, giornalista e docente Settimio Benedusi in conversazione con Saturnino Celani musicista, compositore, produttore discografico.<\/p>\n<p>Durante l\u2019incontro Settimio Benedusi ci parla di fotografia partendo dalla propria esperienza personale, dagli esordi come fotografo di moda e pubblicitario fino ad arrivare ad una consapevolezza pi\u00f9 intima e personale del linguaggio fotografico.<\/p>\n<p>Secondo appuntamento domenica 29 gennaio alle ore 18.00 (Auditorium del MAXXI, ingresso 5 \u20ac &#8211; gratuito per i possessori della card myMAXXI) con Piero Gemelli, uno tra i professionisti pi\u00f9 apprezzati in Italia e all\u2019estero, nel campo della fotografia di moda e figura di primo piano, in dialogo con il fotografo Giovanni Gastel e il giornalista Antonio Mancinelli.<\/p>\n<p>Nel corso dell\u2019incontro il fotografo ripercorre le tappe della sua carriera, affrontando i quesiti e le contraddizioni che la filosofia dell\u2019immagine pone nell\u2019era della contemporaneit\u00e0. Al centro della riflessione di Gemelli c\u2019\u00e8 infatti l\u2019eterna distanza tra verit\u00e0 e finzione, immediatezza e artificio.<\/p>\n<p>LECTIO MAGISTRALIS DI FOTOGRAFIA \u00e8 promossa in collaborazione con AFIP International \u2013 Associazione Fotografi Professionisti. Si ringrazia Altaroma.<\/p>\n<p>MAXXI &#8211; Museo nazionale delle arti del XXI secolo<br \/>\nwww.fondazionemaxxi.it &#8211; info: 06.320.19.54; info@fondazionemaxxi.it<br \/>\norario di apertura: 11.00 \u2013 19.00 (mart, merc, giov, ven, dom) |11.00 \u2013 22.00 (sabato) | chiuso il luned\u00ec,<br \/>\nIngresso gratuito per studenti di arte e architettura dal marted\u00ec al venerd\u00ec<\/p>\n<p>UFFICIO STAMPA MAXXI +39 06 324861\u00a0 press@fondazionemaxxi.it<\/p>\n","protected":false},"excerpt":{"rendered":"<p>LECTIO MAGISTRALIS DI FOTOGRAFIA Ciclo di incontri con grandi fotografi italiani Gioved\u00ec 26 gennaio, ore 18.00 SETTIMIO BENEDUSI in conversazione con SATURNINO CELANI Domenica 29 gennaio, ore 18.00 PIERO GEMELLI in conversazione con GIOVANNI GASTEL e ANTONIO MANCINELLI Auditorium del MAXXI | ingresso 5 \u20ac \u2013 gratuito per i possessori della card myMAXXI www.fondazionemaxxi.it Roma 16 gennaio 2017. MAXXI, AFIP &#8211;\u00a0 Associazione Fotografi Professionisti e Altaroma insieme per presentare LECTIO MAGISTRALIS DI FOTOGRAFIA una serie di incontri tra arte e moda con grandi protagonisti della fotografia italiana. Primo appuntamento gioved\u00ec 26 gennaio alle ore 18.00 (Auditorium del MAXXI, ingresso 5 \u20ac &#8211; gratuito per i possessori della card myMAXXI) in occasione dell\u2019edizione gennaio 2017 di Altaroma, con due protagonisti d\u2019eccezione: il fotografo, pubblicista, giornalista e docente Settimio Benedusi in conversazione con Saturnino Celani musicista, compositore, produttore discografico. Durante l\u2019incontro Settimio Benedusi ci parla di fotografia partendo dalla propria esperienza personale, dagli esordi come fotografo di moda e pubblicitario fino ad arrivare ad una consapevolezza pi\u00f9 intima e personale del linguaggio fotografico. Secondo appuntamento domenica 29 gennaio alle ore 18.00 (Auditorium del MAXXI, ingresso 5 \u20ac &#8211; gratuito per i possessori della card myMAXXI) con Piero Gemelli, uno tra i professionisti pi\u00f9 apprezzati in Italia e all\u2019estero, nel campo della fotografia di moda e figura di primo piano, in dialogo con il fotografo Giovanni Gastel e il giornalista Antonio Mancinelli. Nel corso dell\u2019incontro il fotografo ripercorre le tappe della sua carriera, affrontando i quesiti e le contraddizioni che la filosofia dell\u2019immagine pone nell\u2019era della contemporaneit\u00e0. Al centro della riflessione di Gemelli c\u2019\u00e8 infatti l\u2019eterna distanza tra verit\u00e0 e finzione, immediatezza e artificio. LECTIO MAGISTRALIS DI FOTOGRAFIA \u00e8 promossa in collaborazione con AFIP International \u2013 Associazione Fotografi Professionisti. Si ringrazia Altaroma. MAXXI &#8211; Museo nazionale delle arti del XXI secolo www.fondazionemaxxi.it &#8211; info: 06.320.19.54; info@fondazionemaxxi.it orario di apertura: 11.00 \u2013 19.00 (mart, merc, giov, ven, dom) |11.00 \u2013 22.00 (sabato) | chiuso il luned\u00ec, Ingresso gratuito per studenti di arte e architettura dal marted\u00ec al venerd\u00ec UFFICIO STAMPA MAXXI +39 06 324861\u00a0 press@fondazionemaxxi.it<\/p>\n","protected":false},"author":1,"featured_media":1224,"comment_status":"open","ping_status":"open","sticky":false,"template":"","format":"image","meta":{"ngg_post_thumbnail":0,"footnotes":""},"categories":[198,5],"tags":[],"class_list":["post-1223","post","type-post","status-publish","format-image","has-post-thumbnail","hentry","category-eventi","category-lectiomagistralis","post_format-post-format-image"],"_links":{"self":[{"href":"https:\/\/www.afipinternational.com\/news\/wp-json\/wp\/v2\/posts\/1223","targetHints":{"allow":["GET"]}}],"collection":[{"href":"https:\/\/www.afipinternational.com\/news\/wp-json\/wp\/v2\/posts"}],"about":[{"href":"https:\/\/www.afipinternational.com\/news\/wp-json\/wp\/v2\/types\/post"}],"author":[{"embeddable":true,"href":"https:\/\/www.afipinternational.com\/news\/wp-json\/wp\/v2\/users\/1"}],"replies":[{"embeddable":true,"href":"https:\/\/www.afipinternational.com\/news\/wp-json\/wp\/v2\/comments?post=1223"}],"version-history":[{"count":1,"href":"https:\/\/www.afipinternational.com\/news\/wp-json\/wp\/v2\/posts\/1223\/revisions"}],"predecessor-version":[{"id":1225,"href":"https:\/\/www.afipinternational.com\/news\/wp-json\/wp\/v2\/posts\/1223\/revisions\/1225"}],"wp:featuredmedia":[{"embeddable":true,"href":"https:\/\/www.afipinternational.com\/news\/wp-json\/wp\/v2\/media\/1224"}],"wp:attachment":[{"href":"https:\/\/www.afipinternational.com\/news\/wp-json\/wp\/v2\/media?parent=1223"}],"wp:term":[{"taxonomy":"category","embeddable":true,"href":"https:\/\/www.afipinternational.com\/news\/wp-json\/wp\/v2\/categories?post=1223"},{"taxonomy":"post_tag","embeddable":true,"href":"https:\/\/www.afipinternational.com\/news\/wp-json\/wp\/v2\/tags?post=1223"}],"curies":[{"name":"wp","href":"https:\/\/api.w.org\/{rel}","templated":true}]}}